{"id":1169,"date":"2020-06-16T02:15:59","date_gmt":"2020-06-16T02:15:59","guid":{"rendered":"http:\/\/www.2link.ca\/newblog\/?p=1169"},"modified":"2020-07-19T20:36:21","modified_gmt":"2020-07-19T20:36:21","slug":"america-lui-trump-fake-news-2","status":"publish","type":"post","link":"http:\/\/www.2link.ca\/newblog\/2020\/06\/16\/america-lui-trump-fake-news-2\/","title":{"rendered":"America lui Trump &#8211; Fake News 2"},"content":{"rendered":"\n<p>Dac\u0103 a\u021bi pierdut, citi\u021bi <a href=\"http:\/\/www.2link.ca\/newblog\/2020\/06\/16\/america-lui-trump-fake-news-1\/\" target=\"_blank\" rel=\"noreferrer noopener\">Fake News 1<\/a>.<\/p>\n\n\n\n<p>A crede c\u0103 po\u021bi analiza America de Nord pe baza informa\u021biei g\u0103site \u00een presa central\u0103 este la fel de naiv ca \u0219i a crede c\u0103 po\u021bi \u00een\u021belege comunismul citind Documentele Partidului. Ce anume m\u0103 face un asemenea expert \u00een pres\u0103? Experien\u021ba \u0219i interesul, nimic mai mult. Poate c\u0103 \u0219i lipsa unei vie\u021bi personale \u00een ultimii 12-13 ani mi-a l\u0103sat mai mult timp liber pe care l-am folosit \u00een analize, compara\u021bii, \u00een deducerea adev\u0103rului. <\/p>\n\n\n\n<p>\u00cen 2003, blocat \u00eentr-o slujb\u0103 unde lenea era mai pre\u021buit\u0103 dec\u00e2t munca, am \u00eenceput s\u0103 citesc 3-4 portaluri de \u0219tiri zilnic: CNN, BBC, Reuters, Al Jazeera. Am observat cu surprindere c\u0103 \u00eent\u00e2mpinam cu emo\u021bii diferite, aceea\u0219i \u0219tire c\u00e2nd era relatat\u0103 de portaluri diferite. De ce o dat\u0103 jubilam pentru americani (era timpul r\u0103zboiului din Irak) \u0219i o dat\u0103 pl\u00e2ngeam pentru irakieni? A\u0219a c\u0103 \u00eencepeam s\u0103 analizez, s\u0103 compar \u0219i s\u0103 observ cele c\u00e2teva fraze sau strategii pe care agen\u021bia de \u0219tiri le folosea pentru a-mi atrage simpatia sau oprobiul.<\/p>\n\n\n\n<!--more-->\n\n\n\n<p>Din nefericire, sunt dotat \u0219i cu o memorie de termen lung \u0219i an dup\u0103 an am asistat la modificarea atitudinilor sociale \u0219i a raport\u0103rilor din mass-media. \u00cemi amintesc, de exemplu, de un editorial dintr-un ziar major din Canada (cred c\u0103 era \u00een Globe and Mail) care, prin 2005-6, explica diferen\u021ba dintre \u201c<em>hate crime<\/em>\u201d \u0219i \u201c<em>hate speech<\/em>\u201d, punct\u00e2nd clar c\u0103 discursurile, chiar \u0219i cele nepl\u0103cute, trebuie tolerate \u00een numele libert\u0103\u021bii de cuv\u00e2nt \u00een timp ce fapta, \u201c<em>hate crime<\/em>\u201d, trebuie pedepsit\u0103 cu duritate. Perfect de acord \u2013 e\u0219ti liber s\u0103 ur\u0103\u0219ti pe cine dore\u0219ti, mai ales c\u0103 nu avem \u00eenc\u0103 metod\u0103 de a suprima emo\u021biile, c\u00e2t timp nu r\u0103ne\u0219ti fizic pe cineva. Da, unele discursuri sunt ridicole, incitante, sup\u0103r\u0103toare &#8211; dar cine dintre noi este at\u00e2t de pur \u0219i echilibrat \u00eenc\u00e2t s\u0103-i \u00eencredin\u021b\u0103m slujba de a cenzura discursurile neproductive? Acum, g\u00e2ndindu-m\u0103 la acel editorial, mi se pare c\u0103 l-am citit \u00een alt\u0103 via\u021b\u0103, \u0219i nu cu doar 15 \u00een urm\u0103. Acum toat\u0103 presa s-a \u00eentors \u0219i autorul unui asemenea punct de vedere ar fi sp\u00e2nzurat, n-am \u00eendoial\u0103 &#8211; dac\u0103 nu fizic, m\u0103car \u00een efigie. De ce? Pentru c\u0103 \u00een Curajoasa Lume Nou\u0103, construit\u0103 pe <a href=\"https:\/\/it.toolbox.com\/blogs\/jmcgovern\/the-five-rules-of-propaganda-030605\" target=\"_blank\" rel=\"noreferrer noopener\">Regulile Propagandei<\/a>,  orice disensiune e privit\u0103 ca un act de du\u0219m\u0103nie deschis\u0103. <\/p>\n\n\n\n<p>Aceast\u0103 memorie de termen lung m\u0103 face \u0219i s\u0103 urm\u0103resc un eveniment \u0219i consecin\u021bele sale de-a lungul anilor \u0219i s\u0103 observ procesarea diferit\u0103, \u201cuitarea\u201d unor elemente esen\u021biale \u0219i inserarea altora minore, deseori abia opinii personale, care \u00eens\u0103 schimb\u0103 radical povestea spus\u0103.<\/p>\n\n\n\n<div class=\"wp-block-group\"><div class=\"wp-block-group__inner-container is-layout-flow wp-block-group-is-layout-flow\">\n<p class=\"has-small-font-size\"><strong>EXEMPLU<\/strong>: \u00cen Ottawa, \u00een 2016, Abdirahman Abdi, un somalez refugiat a \u00eenceput s\u0103 h\u0103r\u021buiasc\u0103 \u0219i s\u0103 asalteze &nbsp;(s\u0103 ating\u0103 sexual) femeile dintr-o cafenea. Nu era prima dat\u0103 c\u00e2nd acest lucru se \u00eent\u00e2mpla, a spus proprietara cafenelei. [ <a href=\"https:\/\/en.wikipedia.org\/wiki\/Death_of_Abdirahman_Abdi\" target=\"_blank\" rel=\"noreferrer noopener\">Articolul de pe Wiki<\/a> &#8211; repet\u0103 la fiecare acuza\u021bie \u201c<em>allegedly<\/em>\u201d (deci \u201c<em>se presupune<\/em>\u201d) \u2013 tehnic corect, dar \u00een realitate menit a induce dubii fa\u021b\u0103 de acuza\u021bii chiar \u0219i c\u00e2nd sunt extrem de fundamentate, o strategie des folosit\u0103 \u00een jurnalistica modern\u0103; acest &#8220;<em>se presupune<\/em>&#8221; dispare c\u00e2nd se discut\u0103 despre poli\u021bistul acuzat ]. Cet\u0103\u021benii au blocat u\u0219a pentru a-l opri s\u0103 p\u0103r\u0103seasc\u0103 premiza p\u00e2n\u0103 la venirea poli\u021biei. A urmat o \u00eenc\u0103ierare cu poli\u021bia, o urm\u0103rire pe jos \u0219i c\u00e2nd s-a \u00eencercat re\u021binerea lui a fost nevoie de folosirea for\u021bei. Abdirahman Abdi a decedat \u2013 dup\u0103 ce a fost lovit de un ofi\u021ber cu pumnul pe care purta o m\u0103nu\u0219\u0103 cu monturi de plastic (echipament des folosit de poli\u021bie). Ofi\u021berul, Daniel Montsion, a fost pus sub acuza\u021bia de omucidere. Comunitatea somalez\u0103 a umplut ecranele televizoarelor acuz\u00e2nd nesiguran\u021ba \u00een care se simt \u00een Canada \u2013 o idee absolut asurd\u0103, mai ales c\u00e2nd compar\u0103m cu \u201csiguran\u021ba\u201d oferit\u0103 de Mogadishu, capitala Somaliei. \u00cen august 2016, BlackLivesMatter a organizat un protest. <strong>Lui Abdirahman Abdi, refugiatul somalez de 37 de ani, f\u0103r\u0103 serviciu, care \u201cbutona\u201d femeile \u00een cafenele, <a href=\"https:\/\/www.cbc.ca\/news\/canada\/ottawa\/abdirahman-abdi-death-anniversary-plaque-1.4219984\">i s-a <\/a><a href=\"https:\/\/www.cbc.ca\/news\/canada\/ottawa\/abdirahman-abdi-death-anniversary-plaque-1.4219984\" target=\"_blank\" rel=\"noreferrer noopener\">ridicat<\/a><a href=\"https:\/\/www.cbc.ca\/news\/canada\/ottawa\/abdirahman-abdi-death-anniversary-plaque-1.4219984\"> o plac\u0103 de comemorare<\/a><\/strong>!<\/p>\n\n\n\n<div class=\"wp-block-image\"><figure class=\"alignleft size-large is-resized\"><img loading=\"lazy\" decoding=\"async\" src=\"https:\/\/i.cbc.ca\/1.4220018.1500945197!\/fileImage\/httpImage\/image.JPG_gen\/derivatives\/original_1180\/abdirahman-abdi-plaque-unveiled-july-24-2017.JPG\" alt=\"\" width=\"295\" height=\"204\"\/><\/figure><\/div>\n\n\n\n<p class=\"has-small-font-size\"><br>La \u00eenceperea procesului poli\u021bistului, \u00een 2019, o reporter\u0103 a scris pentru CBC, relat\u00e2nd cu ce este acuzat poli\u021bistul, ce i se imput\u0103 etc. Din suita ei de articole lipseau elementele de baz\u0103 \u2013 care, \u00een viziunea mea, trebuiau men\u021bionate pentru o just\u0103 informare, mai ales c\u0103 de la caz trecuser\u0103 3 ani:<br>&#8211; ce infrac\u021biuni ale lui Abdirahman Abdi au necesitat interven\u021bia poli\u021biei. <strong>\u00centr-un an de v\u00e2rf al mi\u0219c\u0103rii MeToo, o femeie, jurnalist\u0103 pentru postul na\u021bional al Canadei, ignor\u0103 s\u0103 ne povesteasc\u0103 despre asalturile \u0219i h\u0103r\u021buirea asupra femeilor<\/strong>. Pute\u021bi s\u0103 crede\u021bi c\u0103 e coinciden\u021b\u0103, eu cred c\u0103 e o \u00eencercare de a sus\u021bine dou\u0103 lucruri care se bat cap-\u00een-cap.<br>&#8211; faptul c\u0103 atunci c\u00e2nd agen\u021bii de poli\u021bie s-au apropiat de el Abdirahman, o namil\u0103 de om de 1.9m, a ridicat o greutate de 13kg deasupra capului;<br>[I-am scris acelei jurnaliste. Mi-a r\u0103spuns c\u0103 procesul poli\u021bistului e abia la \u00eenceput \u0219i c\u0103 aceste detalii vor ie\u0219i, pe parcurs, la iveal\u0103. Dac\u0103 au ie\u0219it eu nu le-am reg\u0103sit \u00een nici unul din cele 6 (\u0219ase) articole pe care Laura Osman le-a scris ]<\/p>\n<\/div><\/div>\n\n\n\n<p><strong>De ce ar face-o<\/strong>? <strong>De ce ar min\u021bi aceste surse publice de informa\u021bie<\/strong>? Dac\u0103 \u00een secolul al XIX-lea r\u0103spunsul era \u201e<em>cherchez la femme<\/em>\u201d, acum un r\u0103spuns simplistic ar putea fi sintetizat \u00een \u201e<em>cherchez le monnaie<\/em>\u201d. <strong>Mass-media central\u0103 decedeaz\u0103<\/strong>. Aceast\u0103 moarte a \u00eenceput lent dar s-a accelerat. Cu sute \u0219i mii de portaluri care public\u0103 opinii, inten\u021bii, p\u0103reri, toate pe gratis (pl\u0103tite, \u00een fapt, prin publicitate \u0219i alte trucuri) cet\u0103\u021beanul de r\u00e2nd nu mai d\u0103 bani pe ziare \u0219i abonamente. \u0218tirile s-au demonetizat, sta\u021biile s-au \u00eenchis, jurnali\u0219tii scumpi (dar buni) au fost da\u021bi afar\u0103, \u00eenlocui\u021bi de pu\u0219tani care au mai mult\u0103 m\u00e2nie dec\u00e2t intelect. <a href=\"https:\/\/reason.com\/2017\/02\/22\/where-did-all-the-investigativ\/\" target=\"_blank\" rel=\"noreferrer noopener\">\u0218tia\u021bi c\u0103 toate pove\u0219tile de anvergur\u0103 din SUA se bizuie pe 5-6 outlet-uri de \u0219tiri<\/a>, unde se mai face jurnalism investigativ? Mii de sta\u021bii de televiziune, radio-uri, portaluri web, &nbsp;toate plagiaz\u0103 \u0219tirile dezv\u0103luite de o m\u00e2n\u0103 de portaluri. <strong>De ce nu se mai face jurnalism bun? Pentru c\u0103 e scump \u0219i nu se merit\u0103<\/strong>. <strong>Confruntat\u0103 cu supravie\u021buirea, mass-media central\u0103 (\u0219i nu numai) a realizat c\u0103 e mai ieftin s\u0103 v\u00e2nd\u0103 opinii p\u0103rtinitoare pres\u0103rate cu mult\u0103 indignare. <\/strong><\/p>\n\n\n\n<p>Este, desigur, o parte a problemei. C\u0103tre cine v\u00e2nd aceste \u0219tiri? Cine sunt consumatorii de \u0219tiri? Sunt locuitorii marilor ora\u0219e, cei educa\u021bi, cei r\u0103sf\u0103\u021ba\u021bi. Mul\u021bi dintre ace\u0219tia nu au probleme deosebite, ca mul\u021bi intelectuali \u00eenclin\u0103 natural c\u0103tre st\u00e2nga, \u0219i unii au fost crescu\u021bi de p\u0103rin\u021bii lor flower-power cu ideea c\u0103 e o responsabilitate sf\u00e2nt\u0103 s\u0103 lupte cu injusti\u021bia social\u0103. Ei sunt cei care trebuie \u021binu\u021bi indigna\u021bi &#8211; \u0219i, desigur, amu\u021birea unor suporteri Republicani i-ar las\u0103 rece a\u0219a \u00eenc\u00e2t <strong>agen\u021biile de \u0219tiri se concentreaz\u0103 pe fapte strig\u0103toare la cer, cum ar fi \u00een ce WC trebuie s\u0103 fac\u0103 pipi transsexualii<\/strong>. <\/p>\n\n\n\n<p>\u0218i cine sunt sponsorii care posteaz\u0103 reclame? &nbsp;Sunt acele mari corpora\u021bii care, fie au la conducere oameni de fac\u021biune liberal\u0103, fie au oameni destui de inteligen\u021bi ca s\u0103 \u0219tie c\u0103 depind, la r\u00e2ndul lor, de banii consumatorilor boga\u021bi, din marile ora\u0219e. Vedem aceste corpora\u021bii mereu ce spaim\u0103 au de boicot, de a nu fi percepu\u021bi ca rasi\u0219ti sau discriminatorii, cum \u00ee\u0219i cer scuze la cea mai mic\u0103 transgresiune, uneori cer\u00e2ndu-\u0219i scuze c\u0103 nu \u0219i-au cerut scuze imediat.<\/p>\n\n\n\n<p class=\"has-small-font-size\"><strong>EXEMPLU<\/strong>: V\u0103 mai aminti\u021bi de <a rel=\"noreferrer noopener\" href=\"https:\/\/en.wikipedia.org\/wiki\/Google%27s_Ideological_Echo_Chamber\" target=\"_blank\">James Damore<\/a>? Este angajatul Google care a fost concediat dup\u0103 ce a afirmat \u00eentr-un memo intern c\u0103 num\u0103rul de femei \u00een tehnologie \u0219i \u0219tiin\u021b\u0103 (STEM) redus \u00een compara\u021bie cu al b\u0103rba\u021bilor nu este neap\u0103rat dovada sexismului ci se datoreaz\u0103 unor diferen\u021be biologice. <br>[ Dup\u0103 decade de promovare a STEM c\u0103tre femei, de oferire de burse \u0219i avantaje substan\u021biale, femeile constituie doar 25-27% din studen\u021bii din STEM. Cu toate acestea se sus\u021bine c\u0103 ar fi echitabil ca femeile s\u0103 constituie 50% din for\u021ba de munc\u0103 a companiilor de tehnologie &#8211; dar, desigur, n-ar fi echitabil ca ele s\u0103 constituie 50% din for\u021ba de munc\u0103 din mine \u0219i uzine de o\u021bel ]<br>Ceea ce ar fi putut fi \u00eenceputul unei dezbateri  interesante s-a transformat \u00eentr-un act rapid de injusti\u021bie. <em>CEO-ul Google a revenit din vacan\u021b\u0103 pentru a-i da un r\u0103spuns \u0219i pentru a-l concedia<\/em>! Toate articolele MSM care au relatat incidentul insistau c\u0103 \u0219tiin\u021ba NU sus\u021bine acest lucru, c\u0103 nu exist\u0103 diferen\u021be de personalitate, preferin\u021be sau tendin\u021be bazate pe genetic\u0103 sau biologie (verifica\u021bi <a href=\"http:\/\/differences in personality, preferences, or tendencies between genders is based on genetics or biology\">\u00eenceputul de la acest <\/a><a rel=\"noreferrer noopener\" href=\"http:\/\/differences in personality, preferences, or tendencies between genders is based on genetics or biology\" target=\"_blank\">articol<\/a><a href=\"http:\/\/differences in personality, preferences, or tendencies between genders is based on genetics or biology\"> din Business Insider<\/a>).  <br>Am c\u0103utat dar n-am mai g\u0103sit articolul de pe CBC (am g\u0103sit altele dar nu pe acela) care trata problema. Va trebui s\u0103 m\u0103 crede\u021bi pe cuv\u00e2nt. Articolul men\u021biona numele unui profesor din UK, un expert medical, a c\u0103ror 7-8 c\u0103r\u021bi pe domeniu sus\u021bineau acela\u0219i lucru ca \u0219i James Damore. Dar, pentru &#8220;echilibru&#8221; l\u0103sa o femeie, \u0219efa unei asocia\u021bii pentru femei \u00een \u0219tiin\u021b\u0103, s\u0103 nege categori, \u00een cei mai duri termeni, p\u0103rerea acelei somit\u0103\u021bi. Am c\u0103utat acea asocia\u021bie \u0219i pagina ei, About-ul \u0219i tot ce am v\u0103zut mi-a sugerat o asocia\u021bie de buzunar. Am povestit asta pentru c\u0103 e o alt\u0103 metod\u0103 prin care MSM minte spun\u00e2nd adev\u0103rul: prezint\u0103 dou\u0103 opinii contradictorii care \u0219i cum ar fi egale \u00een greutate c\u00e2nd de fapt una e o opinie argumentat\u0103 \u0219i solid\u0103, iar cealalt\u0103 e doar un simplu &#8220;<em>p\u0103rerea mea<\/em>&#8220;. <\/p>\n\n\n\n<p><a href=\"http:\/\/www.2link.ca\/newblog\/2020\/07\/19\/america-lui-trump-fake-news-3\/\">VA URMA<\/a>&#8230;<\/p>\n","protected":false},"excerpt":{"rendered":"<p>Dac\u0103 a\u021bi pierdut, citi\u021bi Fake News 1. A crede c\u0103 po\u021bi analiza America de Nord pe baza informa\u021biei g\u0103site \u00een presa central\u0103 este la fel de naiv ca \u0219i a crede c\u0103 po\u021bi \u00een\u021belege comunismul citind Documentele Partidului. Ce anume m\u0103 face un asemenea expert \u00een pres\u0103? Experien\u021ba \u0219i interesul, nimic mai mult. Poate c\u0103<span class=\"excerpt-ellipsis\">&#8230;<\/span><\/p>\n<p><a class=\"more-link\" href=\"http:\/\/www.2link.ca\/newblog\/2020\/06\/16\/america-lui-trump-fake-news-2\/\" itemprop=\"url\">Continue Reading<\/a><\/p>\n","protected":false},"author":1,"featured_media":0,"comment_status":"open","ping_status":"open","sticky":false,"template":"","format":"standard","meta":{"footnotes":""},"categories":[1],"tags":[],"class_list":["post-1169","post","type-post","status-publish","format-standard","hentry","category-uncategorized"],"_links":{"self":[{"href":"http:\/\/www.2link.ca\/newblog\/wp-json\/wp\/v2\/posts\/1169","targetHints":{"allow":["GET"]}}],"collection":[{"href":"http:\/\/www.2link.ca\/newblog\/wp-json\/wp\/v2\/posts"}],"about":[{"href":"http:\/\/www.2link.ca\/newblog\/wp-json\/wp\/v2\/types\/post"}],"author":[{"embeddable":true,"href":"http:\/\/www.2link.ca\/newblog\/wp-json\/wp\/v2\/users\/1"}],"replies":[{"embeddable":true,"href":"http:\/\/www.2link.ca\/newblog\/wp-json\/wp\/v2\/comments?post=1169"}],"version-history":[{"count":2,"href":"http:\/\/www.2link.ca\/newblog\/wp-json\/wp\/v2\/posts\/1169\/revisions"}],"predecessor-version":[{"id":1187,"href":"http:\/\/www.2link.ca\/newblog\/wp-json\/wp\/v2\/posts\/1169\/revisions\/1187"}],"wp:attachment":[{"href":"http:\/\/www.2link.ca\/newblog\/wp-json\/wp\/v2\/media?parent=1169"}],"wp:term":[{"taxonomy":"category","embeddable":true,"href":"http:\/\/www.2link.ca\/newblog\/wp-json\/wp\/v2\/categories?post=1169"},{"taxonomy":"post_tag","embeddable":true,"href":"http:\/\/www.2link.ca\/newblog\/wp-json\/wp\/v2\/tags?post=1169"}],"curies":[{"name":"wp","href":"https:\/\/api.w.org\/{rel}","templated":true}]}}