{"id":1374,"date":"2022-04-06T19:14:48","date_gmt":"2022-04-06T19:14:48","guid":{"rendered":"http:\/\/www.2link.ca\/newblog\/?p=1374"},"modified":"2022-04-06T19:14:48","modified_gmt":"2022-04-06T19:14:48","slug":"avem-mai-mult-din-ceea-ce-apreciem-intotdeauna","status":"publish","type":"post","link":"http:\/\/www.2link.ca\/newblog\/2022\/04\/06\/avem-mai-mult-din-ceea-ce-apreciem-intotdeauna\/","title":{"rendered":"Avem mai mult din ceea ce apreciem. \u00centotdeauna."},"content":{"rendered":"\n<div class=\"wp-block-image\"><figure class=\"alignleft size-large is-resized\"><img loading=\"lazy\" decoding=\"async\" src=\"https:\/\/miro.medium.com\/max\/1392\/1*DBK95Uy2WCMVm7aklCbZnw.jpeg\" alt=\"\" width=\"348\" height=\"240\"\/><\/figure><\/div>\n\n\n\n<p>    Oamenii simt c\u0103 nu primesc ceea ce-\u0219i doresc. De\u0219i individual nu m\u0103 pronun\u021b, social, statistic, mi se pare complet neadev\u0103rat. \u0218i nu are importan\u021b\u0103 la ce se refer\u0103 c\u00e2nd se simt nedrept\u0103\u021bi\u021bi social &#8211; <strong>din ce apreciem<\/strong>, din cele ce aplaud\u0103m \u0219i l\u0103ud\u0103m, <strong>din aceea avem mai mult<\/strong>. Dac\u0103 nu ne place ce avem trebuie s\u0103 ne schimb\u0103m g\u00e2ndul \u0219i la majoritatea semenilor no\u0219tri, \u0219i trebuie s\u0103 aplaud\u0103m mai multe din ceea ce dorim s\u0103 avem. Trebuie s\u0103 schimb\u0103m acel group-think care \u00eenfiereaz\u0103 unele lucruri dar le \u0219i aplaud\u0103, concomitent. <\/p>\n\n\n\n<!--more-->\n\n\n\n<p>    Japonia are rata cea mai mare de returnare a obiectelor \u0219i banilor pierdu\u021bi, peste 70%. Un profesor opina c\u0103 nu e at\u00e2t legisla\u021bia cea care c\u00e2rme\u0219te societatea spre cinste c\u00e2t presiunea social\u0103 \u0219i educa\u021bia. Copiii sunt pu\u0219i de mici s\u0103 returneze ce g\u0103sesc pe strad\u0103 iar adul\u021bii s-ar vedea certa\u021bi de familie, la p\u0103rerea c\u0103rora \u021bin, dac\u0103 \u0219i-ai \u00eensu\u0219i a\u0219a ceva. <\/p>\n\n\n\n<p>    La polul opus, \u00een RO, \u021binem la stim\u0103 coc\u0103larul \u00eembog\u0103\u021bit peste noapte prin jaf, pentru c\u0103 are ma\u0219in\u0103 de 150,000 euro. Apreciem \u0219i pi\u021bipoanca &#8220;<em>f\u0103cut\u0103<\/em>&#8221; de N fotbali\u0219ti, \u0219i spectacolul TV care se bizuie pe scandal \u0219i can-can, \u0219i politicienii care \u00eenjur\u0103 ca la birt. Ba chiar \u0219i corup\u021bii &#8211; sunt oameni <em>buni<\/em> &#8211; \u0219i nu fac nimic dec\u00e2t s\u0103-\u0219i umple buzunarele, dup\u0103 care ne lipesc cu scuipat o bancnot\u0103 pe frunte. \u0218i <strong>apoi, cumva, absurd pentru mine, ne pl\u00e2ngem c\u0103 avem mai mul\u021bi coc\u0103lari \u0219i mai multe pi\u021bipoance, prea mul\u021bi corup\u021bi<\/strong>, c\u0103 nu avem modele bune iar tinerii aspir\u0103 s\u0103 devin\u0103 ca Becali, nu ca Br\u0103tianu. <\/p>\n\n\n\n<p>    Nici m\u0103car nu conteaz\u0103 ce declar\u0103m, conteaz\u0103 faptul c\u0103 \u00eei privim \u0219i le acord\u0103m timp din mintea \u0219i inima noastr\u0103, c\u0103 le \u021binem minte numele \u0219i vorbim despre ei \u0219i-i ap\u0103r\u0103m public. Asta e relevant mai relevant dec\u00e2t declara\u021biile academice despre ce ne dorim \u00een fapt. <strong>Privim cu jind pe politicienii rom\u00e2ni care &#8220;<em>s-au ajuns<\/em>&#8220;, chiar \u0219i dac\u0103 au f\u0103cut-o prin corup\u021bie, \u0219i dispre\u021buim &#8220;<em>c\u0103p\u0219unarii<\/em>&#8221; sau &#8220;<em>badandele<\/em>&#8220;, unii cu diplom\u0103 de facultate, care schimb\u0103 cearceafuri \u00een Germania<\/strong>. F\u0103r\u0103 s\u0103 fac parad\u0103 de valoare spun, cu m\u00e2na pe inim\u0103, c\u0103 ace\u0219tia din urm\u0103 valoreaz\u0103, pentru mine, mai mult dec\u00e2t un Varujan Vosganian sau al\u021bi politicieni de mucava din RO. <\/p>\n\n\n\n<p>   Am pornit s\u0103 scriu acest articol pe baza altui <a href=\"https:\/\/www.bbc.com\/news\/world-africa-60915170\">articol ap\u0103rut pe BBC<\/a>. E vorba de un t\u00e2n\u0103r de 19 ani, extrem de s\u0103rac, din Liberia. Era \u0219ofer pe un taxi-moto \u0219i tr\u0103ia cu c\u00e2\u021biva $ pe zi dar a returnat 50,000$ g\u0103si\u021bi \u00een drum. Am v\u0103zut \u0219i \u00een RO asemenea exemple \u00een\u0103l\u021b\u0103toare, splendide, care-\u021bi rec\u00e2\u0219tig\u0103 \u00eencrederea \u00een umanitate. Dar, apoi, ca \u0219i \u00een relatarea despre liberian, am v\u0103zut armata de zombi care se n\u0103pusteau cu &#8220;<em>asta e normal, ce-l tot l\u0103uda\u021bi<\/em>?&#8221;, cu &#8220;<em>s\u0103rac vei muri<\/em>&#8220;. \u00cens\u0103\u0219i bunica copilului meu, fosta soacr\u0103, pe c\u00e2nd muncea \u00een Italia cu doar 600eu\/lun\u0103, a g\u0103sit 20-30,000 euro de care angajatorul nu avea habar. Dup\u0103 o noapte de lupt\u0103 cu sine, cu tenta\u021bia, i-a returnat. Minunat. Mai pu\u021bin minunat e c\u0103 acest gest de noble\u021be \u0219i onestitate a fost \u00eent\u00e2mpinat de mul\u021bi rom\u00e2ni cu &#8220;<em>nu mai spune la nimeni c\u00e2t de proast\u0103 ai putut fi<\/em>&#8220;. O cred. Ar fi absurd s\u0103 n-o cred dup\u0103 <strong>am v\u0103zut de at\u00e2tea ori \u00een Rom\u00e2nia onestitatea \u0219i corectitudinea fiind tratate drept prostie, generozitatea fiind tratat\u0103 cu suspiciune \u0219i b\u0103\u0219c\u0103lie<\/strong>, bun\u0103tatea drept sl\u0103biciune \u0219.a.m.d. <\/p>\n\n\n\n<div class=\"wp-block-image\"><figure class=\"aligncenter size-large is-resized\"><img loading=\"lazy\" decoding=\"async\" src=\"https:\/\/www.rd.com\/wp-content\/uploads\/2021\/03\/random-acts-of-kindness-IG.jpg?fit=680,680\" alt=\"\" width=\"510\" height=\"510\"\/><figcaption>Sfaturi pentru copii mici sau mari. <\/figcaption><\/figure><\/div>\n\n\n\n<p><strong>Povestea taximetristului liberian s-a terminat frumos<\/strong>. Pre\u0219edintele \u021b\u0103rii i-a d\u0103ruit 10,000$ la care s-au ad\u0103ugat alte dona\u021bii. Proprietarul banilor i-a d\u0103ruit 1500$ &#8211; cam pu\u021bin, pentru c\u0103 \u00een mod standard &#8220;finder&#8217;s fee&#8221; e de 10% (deci 5000$ &#8211; poate p\u0103rea mult dar c\u00e2nd recuperezi 90% din banii pe care-i credeai disp\u0103ru\u021bi pe veci, n-ar trebui s\u0103 \u021bi s\u0103 par\u0103 mult). Mai mult de at\u00e2t &#8211; un colegiu din SUA i-a oferit admisie \u0219i burs\u0103 complet\u0103 dup\u0103 ce-\u0219i termin\u0103 educa\u021bia secundar\u0103. Pentru acest viitor luminos, individul, care abandonase \u0219coala la 9 ani, a revenit la \u0219coal\u0103. <\/p>\n\n\n\n<p>Sim\u021bim uneori c\u0103 nu avem putere \u0219i nu putem schimba nimic din ceea ce ni se \u00eent\u00e2mpl\u0103. Mul\u021bi dintre noi a\u0219teapt\u0103 pe cineva care s\u0103 o schimbe pentru noi, \u00een timp ce noi continu\u0103m s\u0103 pre\u021buim lucrurile gre\u0219ite, s\u0103 alegem gre\u0219it, s\u0103 aprob\u0103m atitudini gre\u0219ite. Mai mult, mul\u021bi dintre ace\u0219ti mul\u021bi \u00ee\u0219i fac un titlu de onoare din a be\u0219teli gesturile \u00een\u0103l\u021b\u0103toare, de a porc\u0103i &#8211; cu \u00eendoial\u0103, b\u0103\u0219c\u0103lie, ridiculizare, jignire sau cinism.  <\/p>\n\n\n\n<p><strong>&#8220;<em>Mesia salveaz\u0103 Rom\u00e2nia<\/em>&#8221; nu se va \u00eent\u00e2mpla. NOI TREBUIE S\u0102 FIM SCHIMBAREA<\/strong>. \u0218tiu c\u0103 ne sim\u021bim mici, nesemnificativi \u0219i, de unii singuri sau pu\u021bini fiind, chiar suntem. Dar trebuie s\u0103 plec\u0103m de undeva, s\u0103 aplaud\u0103m gesturile frumoase, cuvintele frumoase &#8211; mai ales c\u00e2nd sunt \u00eenso\u021bite de fapte, delicate\u021bea \u0219i decen\u021ba uman\u0103.  Mi se pare important s\u0103 nu l\u0103s\u0103m s\u0103 treac\u0103 nimic meritoriu f\u0103r\u0103 s\u0103 subliniem c\u00e2t de meritoriu este. Din anul sabatic pe care l-am petrecut \u00een RO (2013-14) cel mai mare regret al meu este legat de o casieri\u021b\u0103 de la Auschan. A fost excep\u021bional\u0103, m-a ajutat dar, pu\u021bin debalansat de atitudinea ei incredibil\u0103, am p\u0103r\u0103sit magazinul. Mi-a\u0219 fi dorit s\u0103-i chem \u0219eful \u0219i s\u0103-i spun &#8220;<em>e o angajat\u0103 excep\u021bional\u0103, \u021bine\u021bi-v\u0103 cu din\u021bii de ea<\/em>&#8220;. N-am f\u0103cut-o \u0219i \u00eenc\u0103 mai regret. <\/p>\n\n\n\n<p>Sunt lucruri mici care care pot genera un lan\u021b al lucrurilor mici care va conduce la marile transform\u0103ri. La o adic\u0103 <strong>nu e nevoie s\u0103 st\u00e2rpim complet R\u0103ul <\/strong>&#8211; cum se crede, gre\u0219it &#8211; <strong>ca s\u0103 avem o via\u021b\u0103 mai bun\u0103<\/strong>. E nevoie doar ca Binele s\u0103-l dep\u0103\u0219easc\u0103 pe acesta-n for\u021b\u0103. <\/p>\n\n\n\n<p>Morala e clar\u0103 pentru oricine: <br>&#8211; S\u0103 aplaud\u0103m deschis frumosul, oric\u00e2t de mic sau pueril ni s-ar p\u0103rea gestul. <br>&#8211; Chiar dac\u0103 avem suspiciuni c\u0103, \u00een spatele gestului, ar exista motiva\u021bii ur\u00e2te, s\u0103 nu ne rostim suspiciunile, m\u0103car p\u00e2n\u0103 ce nu \u0219tim precis \u0219i nu avem dovezi. Pentru c\u0103 dac\u0103 ne \u00een\u0219el\u0103m acoperim cu noroi pu\u021binele flori frumoase din gr\u0103dina noastr\u0103. <br>&#8211; S\u0103 \u00eentoarcem spatele r\u0103ului \u0219i non-valorilor, indiferent unde le observ\u0103m: rude, prieteni, cunoscu\u021bi de care avem nevoie. Cine nu are curajul s-o fac\u0103 deschis &#8211; poate pentru c\u0103 nu vrea scandal sau nu vrea s\u0103-\u0219i piard\u0103 slujba &#8211; o poate face cu delicat, cu demnitate: s\u0103 spun\u0103 pu\u021bin \u0219i concludent sau chiar s\u0103 nu spun\u0103 nimic, s\u0103 lase t\u0103cerea s\u0103 vorbeasc\u0103. <br>&#8211; S\u0103-i ajut\u0103m pe cei din jur \u00een orice fel putem &#8211; nu doar \u00een via\u021ba particular\u0103 dar, mai ales, \u00een via\u021ba profesional\u0103. Chiar \u0219i c\u00e2nd nu-i putem ajuta, o vorb\u0103 de \u00een\u021belegere, o p\u0103rere de r\u0103u exprimat\u0103 fac o diferen\u021b\u0103 uria\u0219\u0103. [ Mi-e sil\u0103 c\u00e2nd m\u0103 g\u00e2ndesc la func\u021bionarii care r\u00e2njesc ferici\u021bi c\u00e2nd g\u0103sesc o chichi\u021b\u0103 sau un ceva important ca s\u0103-\u021bi refuze dosarul; sau la cei care be\u0219telesc clien\u021bii pentru c\u0103 nu \u0219tiu ceea ce ei, de 10 ani \u00een slujb\u0103, \u0219tiu ]<br>&#8211; S\u0103 alegem valorile adev\u0103rate &#8211; zi de zi, ceas de ceas. S\u0103 alegem politicianul moderat, rezervat, nu scandalagiul de duzin\u0103 care &#8220;<em>le-o zice<\/em>&#8220;. S\u0103 alegem onoarea, cinstea dus\u0103 la absurd, onestitatea \u00een fa\u021ba lui &#8220;<em>haide, breh, c\u0103 oameni suntem<\/em>&#8220;. S\u0103 apreciem toleran\u021ba \u0219i \u00een\u021belegerea \u00een fa\u021ba cuvintelor bombastice, incit\u0103rii, m\u00e2niei sau b\u0103\u0219c\u0103liei, indiferent c\u00e2t de amuzante sau tentante sunt acestea din urm\u0103. S\u0103 cerem celorlal\u021bi, dup\u0103 ce am cerut asta nou\u0103 \u00een\u0219ine, un comportament vertical. <br>&#8211; s\u0103 \u00eentoarcem \u0219i cel\u0103lalt obraz &#8211; s\u0103 r\u0103spundem R\u0103ului cu Bine. De exemplu, s\u0103 r\u0103spundem unui grobian cu polite\u021be \u0219i modera\u021bie \u0219i c\u00e2nd nu mai putem s\u0103 degaj\u0103m discu\u021bia, arz\u00e2ndu-l poate cu &#8220;<em>sper ca ziua\/via\u021ba s\u0103 \u021bi se \u00eendrepte \u0219i s\u0103 te calmezi<\/em>&#8220;. To\u021bi vrem s\u0103 fim percepu\u021bi ca buni, chiar \u0219i oamenii care se manifest\u0103 oribil doresc asta; dac\u0103 le r\u0103spundem \u00een moneda pe care ne-o ofer\u0103, le d\u0103m justificarea perfect\u0103 pentru R\u0103ul pe care-l vars\u0103 asupra lumii. Dac\u0103, \u00eens\u0103, r\u0103m\u00e2nem pe pozi\u021bie (calmi, politico\u0219i) activ\u0103m ru\u0219inea \u0219i chiar dac\u0103 n-o m\u0103rturisesc, aceast\u0103 ru\u0219ine \u00eei poate convinge c\u0103 trebuie s\u0103 se schimbe. <\/p>\n\n\n\n<p>Sunt lucruri \u0219i atitudini banale, intuitive. Sigur nu ave\u021bi nevoie s\u0103 le rostesc eu \u00een clar. Dar <strong>o fac ca s\u0103 fie f\u0103cut, ca s\u0103 ne reamintim cum ar trebui s\u0103 fie lumea \u0219i c\u0103 NOI suntem<\/strong> &#8220;<em>lumea<\/em>&#8220;. <\/p>\n","protected":false},"excerpt":{"rendered":"<p>Oamenii simt c\u0103 nu primesc ceea ce-\u0219i doresc. De\u0219i individual nu m\u0103 pronun\u021b, social, statistic, mi se pare complet neadev\u0103rat. \u0218i nu are importan\u021b\u0103 la ce se refer\u0103 c\u00e2nd se simt nedrept\u0103\u021bi\u021bi social &#8211; din ce apreciem, din cele ce aplaud\u0103m \u0219i l\u0103ud\u0103m, din aceea avem mai mult. Dac\u0103 nu ne place ce avem trebuie<span class=\"excerpt-ellipsis\">&#8230;<\/span><\/p>\n<p><a class=\"more-link\" href=\"http:\/\/www.2link.ca\/newblog\/2022\/04\/06\/avem-mai-mult-din-ceea-ce-apreciem-intotdeauna\/\" itemprop=\"url\">Continue Reading<\/a><\/p>\n","protected":false},"author":1,"featured_media":0,"comment_status":"open","ping_status":"open","sticky":false,"template":"","format":"standard","meta":{"footnotes":""},"categories":[1],"tags":[468,466,467],"class_list":["post-1374","post","type-post","status-publish","format-standard","hentry","category-uncategorized","tag-468","tag-liberia","tag-liberian"],"_links":{"self":[{"href":"http:\/\/www.2link.ca\/newblog\/wp-json\/wp\/v2\/posts\/1374","targetHints":{"allow":["GET"]}}],"collection":[{"href":"http:\/\/www.2link.ca\/newblog\/wp-json\/wp\/v2\/posts"}],"about":[{"href":"http:\/\/www.2link.ca\/newblog\/wp-json\/wp\/v2\/types\/post"}],"author":[{"embeddable":true,"href":"http:\/\/www.2link.ca\/newblog\/wp-json\/wp\/v2\/users\/1"}],"replies":[{"embeddable":true,"href":"http:\/\/www.2link.ca\/newblog\/wp-json\/wp\/v2\/comments?post=1374"}],"version-history":[{"count":12,"href":"http:\/\/www.2link.ca\/newblog\/wp-json\/wp\/v2\/posts\/1374\/revisions"}],"predecessor-version":[{"id":1386,"href":"http:\/\/www.2link.ca\/newblog\/wp-json\/wp\/v2\/posts\/1374\/revisions\/1386"}],"wp:attachment":[{"href":"http:\/\/www.2link.ca\/newblog\/wp-json\/wp\/v2\/media?parent=1374"}],"wp:term":[{"taxonomy":"category","embeddable":true,"href":"http:\/\/www.2link.ca\/newblog\/wp-json\/wp\/v2\/categories?post=1374"},{"taxonomy":"post_tag","embeddable":true,"href":"http:\/\/www.2link.ca\/newblog\/wp-json\/wp\/v2\/tags?post=1374"}],"curies":[{"name":"wp","href":"https:\/\/api.w.org\/{rel}","templated":true}]}}