{"id":1388,"date":"2022-05-17T00:07:58","date_gmt":"2022-05-17T00:07:58","guid":{"rendered":"http:\/\/www.2link.ca\/newblog\/?p=1388"},"modified":"2022-05-17T00:07:58","modified_gmt":"2022-05-17T00:07:58","slug":"avocatul-diavolului","status":"publish","type":"post","link":"http:\/\/www.2link.ca\/newblog\/2022\/05\/17\/avocatul-diavolului\/","title":{"rendered":"Avocatul Diavolului"},"content":{"rendered":"\n<p>Ast\u0103zi, o jurnalist\u0103 rom\u00e2nc\u0103, sta\u021bionat\u0103 \u00een Austria, a postat un clip de la o nunt\u0103 homosexual\u0103. Doi indivizi obezi, b\u0103rbo\u0219i, unul \u00een rochie de mireas\u0103&#8230; un spectacol grotesc. Eram preg\u0103tit s\u0103 m\u0103 amuz pe baza clipului. Mi-am amintit de povestea c\u00e2nd Marcy (<a rel=\"noreferrer noopener\" href=\"https:\/\/en.wikipedia.org\/wiki\/Amanda_Bearse\" target=\"_blank\">Amanda Bearse<\/a>), vecina corect\u0103 din Familia Bundy, povestea c\u0103 nu l-a invitat pe Al Bundy (<a rel=\"noreferrer noopener\" href=\"https:\/\/en.wikipedia.org\/wiki\/Ed_O%27Neill\" target=\"_blank\">Ed O&#8217;Neill<\/a>) la nunta ei lesbian\u0103 de team\u0103 c\u0103 acesta va \u00eencepe s\u0103 r\u00e2d\u0103 la v\u0103zul a dou\u0103 femei \u00eembr\u0103cate \u00een frac. Ed O&#8217;Neill, \u00eentr-un interviu paralel, a confirmat c\u0103 e foarte probabil c\u0103 s-ar fi stricat de r\u00e2s. \ud83d\ude42<\/p>\n\n\n\n<!--more-->\n\n\n\n<p><strong>E o glum\u0103, nu?! Putem s\u0103 r\u00e2dem unii de al\u021bii, nu?! F\u0103r\u0103 s\u0103 fim considera\u021bi homofobi, nu?! Eu a\u0219a cred<\/strong>. Dar imediat ochii mi-au picat pe replica unui alt rom\u00e2n, apreciat\u0103 cu un HA-HA de c\u0103tre postatoare: &#8220;<em><strong>Eu pe \u0103\u0219tia i-a\u0219 sp\u00e2nzura<\/strong><\/em>&#8220;. Probabil c\u0103 +20 de ani departe de RO m-au schimbat profund, pentru c\u0103 replica idiotic\u0103 mi-a dat frisoane, ca \u0219i r\u00e2sul aprobator al unei femei. \u0218tiu &#8211; cu mintea &#8211; c\u0103 a\u0219a e \u00een Estul S\u0103lbatic: oamenii spun lucruri cumplite, lipsite de orice empatie, \u0219i idio\u021bii din jurul lor se hlizesc. \u00cemi mai amintesc \u00eenc\u0103 de timpurile c\u00e2nd \u0219i eu eram a\u0219a. <\/p>\n\n\n\n<p>De obicei m\u0103 lupt cu extrema &#8220;<em>progresist\u0103<\/em>&#8220;, care &#8211; ca to\u021bi extremi\u0219tii &#8211; m\u0103r\u0219\u0103luie\u0219te \u00een numele toleran\u021bei url\u00e2nd &#8220;<em>cine nu-i cu noi, e \u00eempotriva noastr\u0103<\/em>&#8220;. Ace\u0219tia, activi\u0219tii \u0219i <em>alia\u021bii <\/em>lor, v\u0103d peste tot homofobie \u0219i alte 1001 -fobii, \u00een cea mai mic\u0103 reticen\u021b\u0103 sau neaderare la nara\u021biunea pe care o spun. \u0218i e gre\u0219it, fundamental gre\u0219it s\u0103 vezi \u00een tot \u0219i toate at\u00e2ta -fobie. Aceast\u0103 viziune este tocmai cea care spore\u0219te -fobia care exist\u0103 \u00een societate. <\/p>\n\n\n\n<p>De\u0219i dup\u0103 \u0219tampilele activi\u0219tilor &#8220;<em>progresi\u0219ti<\/em>&#8221; a\u0219 fi definit ca un alt-right, un tip de extrem\u0103 dreapt\u0103, eu m\u0103 consider un moderat. Am fost \u0219i sunt \u00eempotriva mariajului religios pentru homosexuali dar pentru uniune civil\u0103. Cred c\u0103 uneori, \u00een contextul actual, \u00een Vest, LGBTQ \u00ee\u0219i folosesc statutul minoritar pentru a ob\u021bine beneficii necuvenite. Cred c\u0103 e preferabil ca transsexualii s\u0103 primeasc\u0103 sprijin psihologic \u00een locul opera\u021biei. Cred asta pentru simplul motiv pentru c\u0103 exist\u0103 studii care arat\u0103 c\u0103 opera\u021bia nu le rezolv\u0103 problema. Mi se pare abominabil\u0103 punerea copiilor pe medicamente de blocare a pubert\u0103\u021bii \u0219i de pedepsirea p\u0103rin\u021bilor care nu sunt de acord cu asta. <strong>Dar niciodat\u0103, NICIODAT\u0102, nu mi-am dorit ca m\u0103car vreunul din ace\u0219tia s\u0103 fie r\u0103nit, darmite ucis. \u0218i nici n-am spus-o, nici m\u0103car \u00een glum\u0103<\/strong>. <\/p>\n\n\n\n<blockquote class=\"wp-block-quote is-layout-flow wp-block-quote-is-layout-flow\"><p><\/p><cite><strong>NOT\u0102<\/strong>: Folosesc mereu &#8220;progresist&#8221; \u00eentre ghilimele pentru c\u0103 de\u0219i cauzele lor aberante pot p\u0103rea progresiste, \u00een expresia lor public\u0103 v\u0103d o atitudine retrograd\u0103. Mi-i imaginez pe bigo\u021bii \u0219i -fobii anilor 60, care \u0219i-au schimbat cauza dar n\u0103ravul ba.<\/cite><\/blockquote>\n\n\n\n<p>O asemenea exprimare, plin\u0103 de ur\u0103, \u00eemi r\u0103pe\u0219te nu numai aerul dar \u0219i orice argument \u00eempotriva &#8220;<em>progresi\u0219tilor<\/em>&#8220;. Cum s\u0103 mai insist activi\u0219tii &#8220;trezi\u021bi&#8221; v\u0103d ceva ce nu exist\u0103, aceast\u0103 -fobie? A cere exterminarea cuiva pe motiv de orientare sexual\u0103 <strong>este <\/strong>FOBIE. <\/p>\n\n\n\n<p>\u00cen fapt, extremismul imbecil la care asist\u0103m \u00een Vest acum, aceast\u0103 intransigen\u021b\u0103 distrug\u0103toare, a fost izvor\u00e2t din FOBII reale. Cei ce tr\u0103iesc \u00een Rom\u00e2nia, le cunosc &#8211; mul\u021bi, ca acest idiot, spun adesea c\u0103 homosexualii ar trebui omor\u00e2\u021bi, ba chiar s-ar m\u00e2ndri s\u0103 bat\u0103 ni\u0219te &#8220;poponari&#8221;; alte religii dec\u00e2t cea &#8220;str\u0103mo\u0219easc\u0103&#8221;, ortodoxia, ar trebui alungate de pe teritoriul RO iar practican\u021bii m\u0103cel\u0103ri\u021bi, chit c\u0103 tr\u0103iesc \u00een RO de genera\u021bii; &#8220;<em>femeile sunt proaste<\/em>&#8220;, nu \u0219tiu s\u0103 conduc\u0103 \u0219i nu se pricep la nimic dec\u00e2t la copii \u0219i m\u00e2ncare \u0219i trebuie &#8220;<em>s\u0103 li se aplice corec\u021bii<\/em>&#8221; (citit\u0103 \u00eentr-un ziar din RO) \u0219.a.m.d. To\u021bi cei ce am tr\u0103it sau mai tr\u0103iesc \u00een RO \u0219tiu c\u0103 asemenea puncte de vedere sunt locuri comune, \u00eemp\u0103rt\u0103\u0219ite de prea mul\u021bi rom\u00e2ni. <\/p>\n\n\n\n<p>Aidoma s-a g\u00e2ndit \u0219i ac\u021bionat \u0219i \u00een Vest. <strong>Aceste puncte de vedere \u00eenguste<\/strong>, injuste \u00een mare parte, care uneori conduceau la abuzuri rele, <strong>au silit minorit\u0103\u021bile s\u0103-\u0219i formeze adev\u0103rate armate <\/strong>\u0219i s\u0103 trateze totul ca pe un r\u0103zboi. [ aceast\u0103 viziune mi se pare subliniat\u0103 de faptul c\u0103-\u0219i numesc sus\u021bin\u0103torii &#8220;<em>alia\u021bi<\/em>&#8221; ]. Iar odat\u0103 aceste armate formate, de ONG-uri, de asisten\u021bi sociali, de politicieni, ele nu mai pot fi trimise u\u0219or la vatr\u0103. \u00cens\u0103\u0219i p\u00e2inea cea de toate zilele a &#8220;solda\u021bilor&#8221; lor depinde de \u00eendreptarea relelor originare. <\/p>\n\n\n\n<p>Edward Behr explica fenomenul \u00een cartea <a rel=\"noreferrer noopener\" href=\"https:\/\/humanitas.ro\/humanitas\/carte\/o-america-infricosatoare\" target=\"_blank\">O Americ\u0103 \u00eenfrico\u0219\u0103toare<\/a>. Chiar dac\u0103 lucrurile devin tot mai bune, de la an la an, ace\u0219ti oameni primesc salar \u0219i\/sau dona\u021bii pentru a lupta cu r\u0103ul. Dac\u0103 doresc s\u0103-\u0219i poat\u0103 hr\u0103ni familia \u0219i la anul ei trebuie s\u0103 descopere tot mai mult r\u0103u, tot mai multe abuzuri. Astfel se face c\u0103, \u00een ciuda protec\u021biilor tot mai puternice pentru minorit\u0103\u021bi, \u00een ciuda opiniei publice care-i preponderent al\u0103turi de cauza lor,  \u00een loc s\u0103 asist\u0103m la o reducere a num\u0103rului de abuzuri, acestea se \u00eenmul\u021besc. \u00cen statistic\u0103, \u00een teorie &#8211; dar e suficient s\u0103 le justifice existen\u021ba, legisla\u021bie nou\u0103, tot mai str\u00e2mb\u0103. Suedia e \u021bara din lume cu cele mai multe violuri asupra femeilor. Pe bune? Da, pentru c\u0103 defini\u021bia violului devine tot mai aberant\u0103 &#8211; ca \u00een cazul lui Julian Assange care a fost acuzat de viol de\u0219i &#8220;victima&#8221; a spus c-a consim\u021bit la act&#8230; dar el n-a folosit prezervativ. \u00cen Canada, unui p\u0103rinte care \u00eei spune fetei sale de 12 ani pe numele de la botez \u0219i nu cel de b\u0103iat, curtea \u00eei spune c\u0103 <a rel=\"noreferrer noopener\" href=\"https:\/\/www.thestar.com\/vancouver\/2019\/03\/12\/misgendering-kids-and-preventing-transitioning-can-constitute-child-abuse-following-bc-supreme-court-ruling.html\" target=\"_blank\">asta e echivalentul abuzului fizic <\/a>&#8211; e acela\u0219i lucru ca \u0219i cum ar bate-o. Pentru fiul meu, afectat moderat de Asperger, o psiholog din Canada a generat un raport de-ai fi crezut c\u0103 are un grad de handicap care-l \u00eempied\u0103 complet s\u0103 func\u021bioneze &#8211; \u0219i c\u00e2nd am \u00eentrebat-o de ce, mi-a r\u0103spuns agresiv\u0103 &#8220;<em>Ca guvernul s\u0103 \u0219tie cu c\u00e2te cazuri ne confrunt\u0103m, s\u0103 dea mai mul\u021bi bani, s\u0103 angajeze mai mul\u021bi psihologi<\/em>&#8220;<\/p>\n\n\n\n<p>Bigotismul societ\u0103\u021bii noastre a for\u021bat formarea acestor armate care acum nu mai pot fi oprite, care descoper\u0103 -fobii pretutindeni, agreseaz\u0103, pun pumnul \u00een gur\u0103. Declara\u021bii iresponsabile &#8211; cum a fost aceasta, c\u0103 oamenii ar trebui sp\u00e2nzura\u021bi pentru c\u0103-s gra\u0219i, b\u0103rbo\u0219i, grote\u0219ti &#8211; continu\u0103 s\u0103 alimenteze argumentul c\u0103 aceste minorit\u0103\u021bi sunt \u00eenc\u0103 persecutate (\u00een Vest, c\u0103-n Est ele chiar sunt \u00eenc\u0103 m\u0103car marginalizate dac\u0103 nu \u0219i persecutate). Extremele se hr\u0103nesc una din alta &#8211; \u0219i e treaba fiec\u0103ruia s\u0103 nu hr\u0103neasc\u0103 nici o extrem\u0103, nici m\u0103car cu un ha-ha la o chemare la violen\u021b\u0103 (violen\u021ba chiar nu e nostim\u0103). <\/p>\n\n\n\n<p><strong>EPILOG<\/strong>. I-am spus jurnalistei c\u0103 nu doresc s-o mai urm\u0103resc, pentru c\u0103 mi se pare c\u0103 ea \u0219i idio\u021bi ca acel g\u0103zduit pe zidul ei sunt cauza pentru care &#8220;trezi\u021bii&#8221; ajung s\u0103 conduc\u0103 lumea, pentru care oamenii responsabili, care vor s\u0103 poarte o discu\u021bie sunt cenzura\u021bi pe FB, Twitter etc. Ea s-a ap\u0103rat explic\u00e2ndu-mi c\u00e2t de cre\u0219tin\u0103 este ea, c\u0103 eu n-o \u00een\u021beleg, dar totu\u0219i LGBTQ \u00ee\u0219i iau nasul la purtare (un fel de &#8220;<em>eu nu sunt rasist\u0103, dar c\u00e2nd \u00eei v\u0103d pe cioroi<\/em>&#8230;&#8221;). <\/p>\n","protected":false},"excerpt":{"rendered":"<p>Ast\u0103zi, o jurnalist\u0103 rom\u00e2nc\u0103, sta\u021bionat\u0103 \u00een Austria, a postat un clip de la o nunt\u0103 homosexual\u0103. Doi indivizi obezi, b\u0103rbo\u0219i, unul \u00een rochie de mireas\u0103&#8230; un spectacol grotesc. Eram preg\u0103tit s\u0103 m\u0103 amuz pe baza clipului. Mi-am amintit de povestea c\u00e2nd Marcy (Amanda Bearse), vecina corect\u0103 din Familia Bundy, povestea c\u0103 nu l-a invitat pe<span class=\"excerpt-ellipsis\">&#8230;<\/span><\/p>\n<p><a class=\"more-link\" href=\"http:\/\/www.2link.ca\/newblog\/2022\/05\/17\/avocatul-diavolului\/\" itemprop=\"url\">Continue Reading<\/a><\/p>\n","protected":false},"author":1,"featured_media":0,"comment_status":"open","ping_status":"open","sticky":false,"template":"","format":"standard","meta":{"footnotes":""},"categories":[3,5],"tags":[470,471,469],"class_list":["post-1388","post","type-post","status-publish","format-standard","hentry","category-commentary","category-food-for-thought","tag-edward-behr","tag-extreme","tag-homofob"],"_links":{"self":[{"href":"http:\/\/www.2link.ca\/newblog\/wp-json\/wp\/v2\/posts\/1388","targetHints":{"allow":["GET"]}}],"collection":[{"href":"http:\/\/www.2link.ca\/newblog\/wp-json\/wp\/v2\/posts"}],"about":[{"href":"http:\/\/www.2link.ca\/newblog\/wp-json\/wp\/v2\/types\/post"}],"author":[{"embeddable":true,"href":"http:\/\/www.2link.ca\/newblog\/wp-json\/wp\/v2\/users\/1"}],"replies":[{"embeddable":true,"href":"http:\/\/www.2link.ca\/newblog\/wp-json\/wp\/v2\/comments?post=1388"}],"version-history":[{"count":3,"href":"http:\/\/www.2link.ca\/newblog\/wp-json\/wp\/v2\/posts\/1388\/revisions"}],"predecessor-version":[{"id":1391,"href":"http:\/\/www.2link.ca\/newblog\/wp-json\/wp\/v2\/posts\/1388\/revisions\/1391"}],"wp:attachment":[{"href":"http:\/\/www.2link.ca\/newblog\/wp-json\/wp\/v2\/media?parent=1388"}],"wp:term":[{"taxonomy":"category","embeddable":true,"href":"http:\/\/www.2link.ca\/newblog\/wp-json\/wp\/v2\/categories?post=1388"},{"taxonomy":"post_tag","embeddable":true,"href":"http:\/\/www.2link.ca\/newblog\/wp-json\/wp\/v2\/tags?post=1388"}],"curies":[{"name":"wp","href":"https:\/\/api.w.org\/{rel}","templated":true}]}}