{"id":427,"date":"2013-10-02T15:32:25","date_gmt":"2013-10-02T15:32:25","guid":{"rendered":"http:\/\/www.2link.ca\/newblog\/?p=427"},"modified":"2020-07-03T21:56:30","modified_gmt":"2020-07-03T21:56:30","slug":"vacanta-de-iarna-epilog","status":"publish","type":"post","link":"http:\/\/www.2link.ca\/newblog\/2013\/10\/02\/vacanta-de-iarna-epilog\/","title":{"rendered":"Vacan\u021ba de iarn\u0103 &#8211; Epilog"},"content":{"rendered":"<figure id=\"attachment_429\" aria-describedby=\"caption-attachment-429\" style=\"width: 365px\" class=\"wp-caption alignright\"><a href=\"http:\/\/www.2link.ca\/newblog\/wp-content\/uploads\/2013\/10\/poza14mic.jpg\"><img loading=\"lazy\" decoding=\"async\" class=\"size-full wp-image-429\" src=\"http:\/\/www.2link.ca\/newblog\/wp-content\/uploads\/2013\/10\/poza14mic.jpg\" alt=\"Andi Machiat\" width=\"365\" height=\"220\" srcset=\"http:\/\/www.2link.ca\/newblog\/wp-content\/uploads\/2013\/10\/poza14mic.jpg 365w, http:\/\/www.2link.ca\/newblog\/wp-content\/uploads\/2013\/10\/poza14mic-300x180.jpg 300w\" sizes=\"auto, (max-width: 365px) 100vw, 365px\" \/><\/a><figcaption id=\"caption-attachment-429\" class=\"wp-caption-text\">Andi Machiat<\/figcaption><\/figure>\n<p>\u00cen bunul obicei ale pove\u0219tilor autohtone, totul nu fusese dec\u00e2t o confuzie \u0219i o ne\u00een\u021belegere. F\u0103r\u0103 izbituri \u0219i amenin\u021b\u0103ri cu moartea, am fi r\u00e2s to\u021bi. Aparent, prietenii mei f\u0103cuser\u0103 un bairam monstru \u00een prima sear\u0103 de vacan\u021b\u0103. Domnul profesor universitar \u00eei admonestase \u0219i \u00eei pusese sub cau\u021biune, pentru c\u0103 el era venit la odihn\u0103 \u00een timp ce pentru colegii mei odihna era sacrilegiu. Pentru desf\u0103\u0219urarea \u00een condi\u021bii optime a activit\u0103\u021bilor sportive \u00eei erau necesare opt ore de somn odihnitor (acum, la 50, subscriu la punctul lui de vedere). Cau\u021biunea a func\u021bionat, pentru c\u0103 prietenii mei m\u0103 sc\u0103rpinau mereu la ceaf\u0103 (metaforic vorbind) c\u00e2nd \u00eencercam s\u0103 dau muzica mai tare. \u00a0Problema fusese c\u0103 aceast\u0103 admonestare nu fusese trimis\u0103 \u0219i unui alt grup de tineri dezl\u0103n\u021bui\u021bi care celebrau \u0219i ei prima sear\u0103 de libertate. Cum se spune acum &#8220;<em>They did not get the memo<\/em>&#8220;.\u00a0 Domnul profesor universitar, f\u0103r\u0103 s\u0103 mai fac\u0103 investiga\u021bii, a vrut s\u0103 st\u00e2rpeasc\u0103 muzica \u0219i distrac\u021bia de la r\u0103d\u0103cina bereg\u0103\u021bilor noastre. Alcoolul pe care \u00eel consumase \u00eei fusese sfetnic de n\u0103dejde. De-ar fi reu\u0219it s\u0103 treac\u0103 dincolo de u\u0219\u0103, ar fi avut lini\u0219te cu certitudine pentru c\u0103 pu\u0219c\u0103riile observ\u0103 o or\u0103 strict\u0103 de \u201estingere\u201d.<!--more--><\/p>\n<p>Mili\u021bianul Svejk a plecat, dar nu \u00eenainte de a ne sf\u0103tui s\u0103 depunem pl\u00e2ngere \u00eempotriva agresorului \u0219i a l\u0103sa justi\u021bia s\u0103-\u0219i urmeze cursul. Am reflectat \u00eentr-o \u0219edin\u021b\u0103 de comitet \u0219i am decis s\u0103 nu urm\u0103m aceast\u0103 cale, \u00eentruc\u00e2t agresorul era totu\u0219i tat\u0103l unui coleg de-al nostru. Cu aceast\u0103 concluzie matur\u0103, am urcat la etajul superior, unde am g\u0103sit un pat liber \u0219i m-am culcat \u2013 desigur, machiat cum eram (v\u00e2rsta, ce s\u0103-i faci?!, nu m\u0103 \u00eengrijorau ridurile cauzate de un tratament prost al pielii). Era circa 3:30 \u0219i eram decis s\u0103 dorm p\u00e2n\u0103 spre pr\u00e2nz a doua zi. Dar socoteala de acas\u0103 nu se potrive\u0219te cu socoteala din t\u00e2rg &#8211; sunt convins c\u0103 Maricica, prostituata de la C\u0103lim\u0103ne\u0219ti, ar fi de acord cu asta. Nu \u0219tiu c\u00e2t am dormit c\u00e2nd\u00a0 smuls din somn de glasuri \u00eengrijorate \u201e<em>Ce<\/em>? <em>Cine<\/em>? <em>De ce<\/em>?\u201d \u0219i de un urlet \u201e<strong>AFAR\u0102! AFAR\u0102\u0102\u0102\u0102\u0102\u0102! AFAR\u0102 \u2013 nu auzi\u021bi<\/strong>?\u201d. La etajul de mai jos cineva m\u00e2na vitele. M-am dat cu greu jos din pat \u0219i am cobor\u00e2t la etajul incidentului. Mahmur, neodihnit \u2013 era abia 9 AM -, machiat, exasperat, i-am \u00eent\u00e2lnit pe prietenii mei, cu priviri de c\u0103prioar\u0103 \u00eencerc\u0103nat\u0103, complet confuzi. Se pare c\u0103 tocmai \u00eel pierdusem pe administratorul pensiunii care, la vederea distrugerilor, \u00a0le explicase f\u0103r\u0103 echivoc c\u0103 trebuie s\u0103 ias\u0103&#8230; AFAR\u0102\u0102\u0102\u0102.<\/p>\n<p>\u201e<em>Da\u2019 nu i-a\u021bi explicat c\u0103 nu e vina noastr\u0103<\/em>?, am intervenit eu bizuindu-m\u0103 \u2013 din nou, repetat \u0219i total gre\u0219it \u2013 c\u0103 toate problemele umanit\u0103\u021bii pot fi rezolvate prin dialog.\u201d<\/p>\n<p>\u201e<em>I-am explicat. Normal c\u0103 i-am explicat<\/em>.\u201d<\/p>\n<p>\u201e<em>\u0218i<\/em>?!\u201d<\/p>\n<p>\u201e<em>\u0218i nimic. Urla ca un bou<\/em>.\u201d<\/p>\n<p>\u201e<em>M\u0103i, dar nu i-a\u021bi spus c\u0103 Mili\u021bia investigheaz\u0103, c\u0103 exist\u0103 un raport, c\u0103<\/em>&#8230; am insistat eu, convins c\u0103 ei dovediser\u0103 ineptudine \u00een negocieri.\u201d<\/p>\n<p>\u201e<em>\u0218i tu cum ai fi explicat<\/em>? s-a oprit Andi Dumitrescu (nici o leg\u0103tur\u0103 cu c\u0103pitanul Dumitrescu) l\u00e2ng\u0103 mine.\u201d<\/p>\n<p>\u201e<em>P\u0103iiii&#8230; simplu. \u201aDomnule administrator, \u0219ti\u021bi c\u0103<\/em>&#8230;\u2019\u201d<\/p>\n<p>Fraza mi-a fost \u00eentrerupt\u0103 de patru adolescen\u021bi, care s-au oprit din cele ce f\u0103ceau (preponderent bagaje) \u0219i au urlat spre mine: \u201e<strong>AFAR\u0102\u0102\u0102\u0102\u0102\u0102\u0102\u0102<\/strong>\u201d. Da, exist\u0103 momente c\u00e2nd dialogul nu este posibil. A\u0219a c\u0103 am \u00eenceput s\u0103 tragem de sfori. GH l-a sunat pe tat\u0103l lui, fiecare \u0219i-a sunat pila \u0219i ace\u0219tia l-au convins pe adminitrator c\u0103 dore\u0219te s\u0103 ne asculte povestea.\u00a0 A necesitat mult\u0103 munc\u0103 de convingere. Abia spre pr\u00e2nz ni s-a mai dat o \u0219ans\u0103.<\/p>\n<p>Cineva a venit apoi cu ideea s\u0103 vorbim cu idio\u021bii cu care fuseser\u0103m confunda\u021bi, pentru a ne asigura c\u0103 \u0219i ei au \u00een\u021beles nivelul de probleme la care un simplu bairam \u00eel putea cauza. O delega\u021bie a mers la ei dar rezultatele au fost mai pu\u021bin dec\u00e2t optimiste. Se pare c\u0103 \u00een camera acestora cineva (nu spui cine, nu \u0219tiu, nu sunt tr\u0103d\u0103tor) folosise, pentru a stinge focul petrecerii din seara precedent\u0103, un extinctor. Sau poate o f\u0103cuse pentru decora\u021bie. Extinctorul adusese \u00een camera anost\u0103 a pensiunii atmosfera dr\u0103g\u0103la\u0219\u0103 a iernii, colbuind totul cu un praf alb.<\/p>\n<p>Acum, proprietarii camerei desemnaser\u0103 vinova\u021bii s\u0103 cure\u021be dezastrul \u0219i ace\u0219tia erau, cum s-ar spune, \u00een sezon administrativ. Pe ritmuri metaliste, sus\u021binute de un casetofon, d\u0103deau viguros cu m\u0103turile \u00een st\u00e2nga \u0219i \u00een dreapta. M\u0103turile dublau \u0219i drept chit\u0103ri (evident!) \u0219i, cople\u0219i\u021bi dup\u0103 c\u00e2te o tur\u0103 de ridicare a prafului, fl\u0103c\u0103ii grifau pe firele m\u0103turilor solo-uri de chitar\u0103. La \u00eencerc\u0103rile de reducere a volumului muzicii, au reac\u021bionat agresiv a\u0219a \u00eenc\u00e2t delega\u021bia noastr\u0103 a trebuit s\u0103 se retrag\u0103 f\u0103r\u0103 o promisiune clar\u0103. \u00cenc\u0103 o dat\u0103 dialogul se dovedea imposibil.<\/p>\n<p>Aici ar fi trebuit ca povestea s\u0103 se termine. Numai c\u0103 \u00een Rom\u00e2nia, proverbul \u201e<em>cel ce-i cu paguba e \u0219i cu p\u0103catul<\/em>\u201d (la fel cum \u00een A de Nord r\u0103nirii i se adaug\u0103 \u00eenjur\u0103tura \u2013 \u201e<em>adding insult to the injury<\/em>\u201d) se aplic\u0103 uzual. De asemeni se mai aplic\u0103 \u201e<em>Cel ce nu-l la\u0219i s\u0103 moar\u0103, nu te las\u0103 s\u0103 tr\u0103ie\u0219ti<\/em>\u201d \u0219i tot a\u0219a (a\u0219 putea continua p\u00e2n\u0103 la ziu\u0103 cu proverbe \u0219i pilde dar probabil m-a\u021bi l\u0103sa singur). Profesorul universitar, departe de a fi recunosc\u0103tor iert\u0103rii pe care i-o acordasem, a profitat de o sc\u0103pare a noastr\u0103. L\u0103sasem circa 120 de sticle \u00een cad\u0103 \u2013 drept bac\u0219i\u0219 pentru femeile de serviciu care urmau s\u0103 cure\u021be camerele (nu str\u00e2mba\u021bi din nas \u2013 asta \u00eensemna poate 200-250 de lei, bani serio\u0219i pentru acea vreme), \u0219i a intrat \u00een camera unde a f\u0103cut poze \u0219i a documentat un dezm\u0103\u021b care, de\u0219i existase, nu avusese leg\u0103tur\u0103 cu povestea din acea seara. <strong>Pentru c\u0103 noi nu f\u0103cusem pl\u00e2ngere \u00eempotriva lui, profesorul f\u0103cuse pl\u00e2ngere \u00eempotriva noastr\u0103<\/strong>. Din nefericire nu s-a g\u00e2ndit c\u0103 dosarul va fi trimis la Ia\u0219i unde va ajunge \u00een m\u00e2inile procurorului-\u0219ef al jude\u021bului, nimeni altul dec\u00e2t tat\u0103l prietenului nostru. Acesta l-a pus la punct \u0219i, dup\u0103 o convocare la Procuratur\u0103, individul a realizat c\u0103 nu este \u00een interesul lui s\u0103 continue povestea.<\/p>\n<p>Ca s\u0103 termin \u00een stilul pesimist cu care v-am obi\u0219nuit, trebuie s\u0103 spun c\u0103 povestea a avut \u0219i o component\u0103 oarecum deprimant\u0103. Dup\u0103 dovezile mele de eroism, mi s-a spus \u201e<em>\u0218tii, c\u00e2nd ai venit, ne \u00eentrebam ce mai cau\u021bi aici, cu noi<\/em>. <em>Adic\u0103 \u2013 tu ai picat treapta, e\u0219ti la Garabet<\/em>&#8230; <em>Dar, dup\u0103 ce-ai f\u0103cut ce-ai f\u0103cut, am realizat c\u0103 e\u0219ti de-al nostru<\/em>.\u201d Aceste vorbe mi se spuneau cu scopul de a m\u0103 bucura dar pe mine, om sucit, m-au \u00eentristat. Mi se deslu\u0219ea st\u00e2ng\u0103cia ini\u021bial\u0103 a comportamentului celor care fuseser\u0103 mai mult dec\u00e2t colegi pentru mine, cei pe care i-am amuzat de at\u00e2tea ori cu t\u00e2mpeniile pe care le f\u0103ceam, cei pe care \u00eei regretam mult mai mult dec\u00e2t regretam prestigiul liceului Negruzzi. M-am \u00eentristat, realiz\u00e2nd c\u0103 uneori trebuie s\u0103 cumperi dragostea, prietenia&#8230; dar apoi m-am bucurat c\u0103 reu\u0219isem s-o fac.<\/p>\n\n\n<p><\/p>\n","protected":false},"excerpt":{"rendered":"<p>\u00cen bunul obicei ale pove\u0219tilor autohtone, totul nu fusese dec\u00e2t o confuzie \u0219i o ne\u00een\u021belegere. F\u0103r\u0103 izbituri \u0219i amenin\u021b\u0103ri cu moartea, am fi r\u00e2s to\u021bi. Aparent, prietenii mei f\u0103cuser\u0103 un bairam monstru \u00een prima sear\u0103 de vacan\u021b\u0103. Domnul profesor universitar \u00eei admonestase \u0219i \u00eei pusese sub cau\u021biune, pentru c\u0103 el era venit la odihn\u0103 \u00een<span class=\"excerpt-ellipsis\">&#8230;<\/span><\/p>\n<p><a class=\"more-link\" href=\"http:\/\/www.2link.ca\/newblog\/2013\/10\/02\/vacanta-de-iarna-epilog\/\" itemprop=\"url\">Continue Reading<\/a><\/p>\n","protected":false},"author":2,"featured_media":0,"comment_status":"open","ping_status":"open","sticky":false,"template":"","format":"standard","meta":{"footnotes":""},"categories":[6],"tags":[26,314,315,319],"class_list":["post-427","post","type-post","status-publish","format-standard","hentry","category-fun","tag-amintiri","tag-umor","tag-vacanta","tag-vatra-dornei"],"_links":{"self":[{"href":"http:\/\/www.2link.ca\/newblog\/wp-json\/wp\/v2\/posts\/427","targetHints":{"allow":["GET"]}}],"collection":[{"href":"http:\/\/www.2link.ca\/newblog\/wp-json\/wp\/v2\/posts"}],"about":[{"href":"http:\/\/www.2link.ca\/newblog\/wp-json\/wp\/v2\/types\/post"}],"author":[{"embeddable":true,"href":"http:\/\/www.2link.ca\/newblog\/wp-json\/wp\/v2\/users\/2"}],"replies":[{"embeddable":true,"href":"http:\/\/www.2link.ca\/newblog\/wp-json\/wp\/v2\/comments?post=427"}],"version-history":[{"count":5,"href":"http:\/\/www.2link.ca\/newblog\/wp-json\/wp\/v2\/posts\/427\/revisions"}],"predecessor-version":[{"id":1181,"href":"http:\/\/www.2link.ca\/newblog\/wp-json\/wp\/v2\/posts\/427\/revisions\/1181"}],"wp:attachment":[{"href":"http:\/\/www.2link.ca\/newblog\/wp-json\/wp\/v2\/media?parent=427"}],"wp:term":[{"taxonomy":"category","embeddable":true,"href":"http:\/\/www.2link.ca\/newblog\/wp-json\/wp\/v2\/categories?post=427"},{"taxonomy":"post_tag","embeddable":true,"href":"http:\/\/www.2link.ca\/newblog\/wp-json\/wp\/v2\/tags?post=427"}],"curies":[{"name":"wp","href":"https:\/\/api.w.org\/{rel}","templated":true}]}}