{"id":597,"date":"2014-04-06T16:57:42","date_gmt":"2014-04-06T16:57:42","guid":{"rendered":"http:\/\/www.2link.ca\/newblog\/?p=597"},"modified":"2014-04-06T18:19:51","modified_gmt":"2014-04-06T18:19:51","slug":"narcis-de-romania","status":"publish","type":"post","link":"http:\/\/www.2link.ca\/newblog\/2014\/04\/06\/narcis-de-romania\/","title":{"rendered":"Narcis de Rom\u00e2nia"},"content":{"rendered":"<p>Eu g\u00e2ndesc \u00een tipare. Mintea mea \u00eencearc\u0103 s\u0103 cunoasc\u0103 lumea folosind statistici, probabilit\u0103\u021bi, \u0219abloane. Este la mod\u0103 s\u0103 g\u00e2nde\u0219ti original, \u201c<em>\u00een afara cutiei<\/em>\u201d, a\u0219a c\u0103 mai nimeni nu vreau s\u0103 admit\u0103 c\u0103 acest mod de func\u021bionare a min\u021bii e un lucru comun. Nu o spun eu ci oamenii de \u0219tiin\u021b\u0103. Recunoa\u0219terea unor tipare ne-a ajutat \u0219i \u00eenc\u0103 ne mai ajut\u0103 \u00een supravie\u021buire. Acest fel de a g\u00e2ndi tinde s\u0103 observe \u0219abloanele care ne definesc, stereotipurile.<!--more--><\/p>\n<p>Stereotipurile sunt iar\u0103\u0219i un subiect care displace umanit\u0103\u021bii moderne. La urma urmei, pe baza acestor stereotipuri suntem condamna\u021bi \u00een Vest: 10,000 de rom\u00e2ni care se ocup\u0103 cu cer\u0219etoria, lene\u0219i \u0219i care comit infrac\u021biuni fac ca milioane dintre noi s\u0103 fim condamna\u021bi de locuitorii \u021b\u0103rilor str\u0103ine \u00een care ne aciu\u0103m. E nedrept \u0219i totu\u0219i&#8230; la fel cum nu iese fum f\u0103r\u0103 foc, nici <strong>stereotipurile nu apar din neant<\/strong>. Admit c\u0103 sunt d\u0103un\u0103toare \u00een practic\u0103 \u2013 fiecare om are dreptul de a fi judecat pe baza propriei persoane \u0219i nu a grupului din care face parte \u2013 dar, \u00een acela\u0219i timp, pot fi extrem de folositoare pentru crearea unor modele teoretice de studiu. Societatea \u0219i cultura \u00een care cineva se dezvolt\u0103 \u00ee\u0219i pune amprenta asupra individului \u2013 fie c\u0103 o admitem, fie c\u0103 nu, fie c\u0103 ne place sau nu. Prefer s\u0103 arunc aceste stereotipuri o privire plin\u0103 de speran\u021b\u0103. O dat\u0103 ce \u00een\u021belegem corect ce \u0219ablon ni s-a aplicat, cu bune \u0219i rele, putem decide s\u0103-l elud\u0103m \u0219i, individual, s\u0103 demonstr\u0103m c\u0103 ne putem desprinde de el.<\/p>\n<p>Nu vreau ca textul meu s\u0103 fie perceput ca un exerci\u021biu de \u201c<em>ur\u0103 de sine<\/em>\u201d. Este, \u00een mod cert, una din zonele \u00een care mass-media a excelat \u00een ultimii 24 de ani de libertate ai cuv\u00e2ntului. Ne-am s\u0103turat cu to\u021bii s\u0103 citim \u0219i s\u0103 auzim \u201c<em>rom\u00e2nii nu pot<\/em>\u201d, \u201c<em>nu suntem \u00een stare<\/em>\u201d, \u201c<em>to\u021bi rom\u00e2nii sunt a\u0219a \u0219i pe dincolo<\/em>\u201d. Aceste terminologii nu creaz\u0103 dec\u00e2t emo\u021bii negative \u2013 care lucreaz\u0103 \u00eempotriva noastr\u0103, a\u0219a cum \u00eencerc s\u0103 explic chiar \u00een acest articol. <strong>Suntem ceea ce suntem \u2013 oameni, nici mai buni \u0219i nici mai r\u0103i dec\u00e2t al\u021bii expu\u0219i acelora\u0219i condi\u021bii<\/strong>: comunism, penurii, individualism, educa\u021bie cu accent pe factorul academic \u0219i prea pu\u021bin pe cel social \u0219.a.m.d. <strong>Ceea ce suntem este un lucru important de studiat numai prin prisma celor ce putem deveni.<\/strong><\/p>\n<figure id=\"attachment_603\" aria-describedby=\"caption-attachment-603\" style=\"width: 210px\" class=\"wp-caption alignleft\"><a href=\"http:\/\/www.2link.ca\/newblog\/wp-content\/uploads\/2014\/04\/Narcisismo.jpg\" target=\"_blank\"><img loading=\"lazy\" decoding=\"async\" class=\" wp-image-603  \" alt=\"Pisica cinstit\u0103 sau leu mincinos?\" src=\"http:\/\/www.2link.ca\/newblog\/wp-content\/uploads\/2014\/04\/Narcisismo-262x300.jpg\" width=\"210\" height=\"240\" srcset=\"http:\/\/www.2link.ca\/newblog\/wp-content\/uploads\/2014\/04\/Narcisismo-262x300.jpg 262w, http:\/\/www.2link.ca\/newblog\/wp-content\/uploads\/2014\/04\/Narcisismo.jpg 285w\" sizes=\"auto, (max-width: 210px) 100vw, 210px\" \/><\/a><figcaption id=\"caption-attachment-603\" class=\"wp-caption-text\">Pisica cinstit\u0103 sau leu mincinos?<\/figcaption><\/figure>\n<p>Stereotipic, poporul rom\u00e2n, ca un \u00eentreg (nu defalcat pe indivizi) pare s\u0103 manifeste simptomele unei personalit\u0103\u021bi narcisiste. Un psiholog enumera simptomele acestei afec\u021biuni \u0219i mintea mea le bifa \u00een descrierea personajului imaginar care este \u201c<em>rom\u00e2nul tipic<\/em>\u201d. G\u00e2ndul p\u0103rea at\u00e2t de absurd \u00eenc\u00e2t am \u00eencercat s\u0103-l alung. La urma urmei, credeam eu, personalitatea narcisist\u0103 se dezvolt\u0103 printr-o laud\u0103 excesiv\u0103. Dumnezeu \u0219tie c\u0103 noi, ca na\u021bie dar \u0219i ca indivizi, n-am avut deseori parte de laude. Aprofund\u00e2nd \u00eens\u0103 subiectul am descoperit c\u0103 m\u0103 \u00een\u0219elam. De\u0219i nu se \u0219tie cauza exact\u0103, speciali\u0219tii speculeaz\u0103 c\u0103 o personalitate narcisist\u0103 se poate dezvolta \u0219i prin interac\u021biuni negative \u00een timpul copil\u0103riei:<\/p>\n<ul>\n<li>c\u00e2nd este expus la extrem criticism sau abuz emo\u021bional;<\/li>\n<li>c\u00e2nd p\u0103rin\u021bii nu ofer\u0103 o educa\u021bie consecvent\u0103, predictibil\u0103;<\/li>\n<li>c\u00e2nd modelul parental proiecteaz\u0103 \u00een copii comportamente manipulatoare.<\/li>\n<\/ul>\n<p>Mul\u021bi dintre membrii genera\u021biei adulte, ai genera\u021biei mele, pot aduce m\u0103rturie c\u0103 au fost expu\u0219i unor asemenea interac\u021biuni. Pove\u0219tilor adunate de la cei de v\u00e2rsta mea abund\u0103 de asemenea situa\u021bii negative. P\u0103rin\u021bii no\u0219tri nu se \u00eenghesuiau cu laudele, \u00een schimb orice gre\u0219eal\u0103 ne era reamintit\u0103 luni \u00een \u0219ir. O procesau \u0219i vorbeau despre ea p\u00e2n\u0103 c\u00e2nd, chiar dac\u0103 ei n-o spuneau \u00een clar, ajungeam s\u0103 ne spunem singuri c\u0103 nu suntem buni de nimic. Succese moderate nu reprezentau dec\u00e2t normalitatea \u0219i nu se d\u0103 laud\u0103 pentru ceea ce este sub\u00een\u021beles.<\/p>\n<figure id=\"attachment_604\" aria-describedby=\"caption-attachment-604\" style=\"width: 300px\" class=\"wp-caption alignright\"><a href=\"http:\/\/www.2link.ca\/newblog\/wp-content\/uploads\/2014\/04\/parinti_tipand.jpg\" target=\"_blank\"><img loading=\"lazy\" decoding=\"async\" class=\"size-medium wp-image-604 \" alt=\"parinti tipand\" src=\"http:\/\/www.2link.ca\/newblog\/wp-content\/uploads\/2014\/04\/parinti_tipand-300x224.jpg\" width=\"300\" height=\"224\" srcset=\"http:\/\/www.2link.ca\/newblog\/wp-content\/uploads\/2014\/04\/parinti_tipand-300x224.jpg 300w, http:\/\/www.2link.ca\/newblog\/wp-content\/uploads\/2014\/04\/parinti_tipand.jpg 430w\" sizes=\"auto, (max-width: 300px) 100vw, 300px\" \/><\/a><figcaption id=\"caption-attachment-604\" class=\"wp-caption-text\">&#8220;O s\u0103 ajungi la min\u0103! Asta vrei?&#8221;<\/figcaption><\/figure>\n<p>De asemeni, consisten\u021ba \u00een educa\u021bia de acas\u0103 era un lucru rar \u00eent\u00e2lnit. Chiar \u0219i \u00een ziua de azi mul\u021bi p\u0103rin\u021bi nu vor s\u0103 \u00een\u021beleag\u0103 c\u0103 educa\u021bia nu se face \u00een hopuri. Ignor\u0103 copilul \u0219i-l a\u0219teapt\u0103 s\u0103 se autoregleze, apoi c\u00e2nd speran\u021bele lor nu sunt \u00eemplinite \u0219i au avut \u0219i o zi grea la serviciu, \u00eencep s\u0103 urle brusc. Iau m\u0103suri radicale, \u201ccoboar\u0103 milit\u0103ria din pod\u201d,\u00a0 dar acestea sunt temporare, dup\u0103 care urmeaz\u0103 iar\u0103\u0219i ignorarea.<\/p>\n<figure id=\"attachment_599\" aria-describedby=\"caption-attachment-599\" style=\"width: 240px\" class=\"wp-caption alignright\"><a href=\"http:\/\/www.2link.ca\/newblog\/wp-content\/uploads\/2014\/04\/Boss-Yelling.jpg\" target=\"_blank\"><img loading=\"lazy\" decoding=\"async\" class=\" wp-image-599 \" title=\"Boss yelling\" alt=\"Boss-Yelling\" src=\"http:\/\/www.2link.ca\/newblog\/wp-content\/uploads\/2014\/04\/Boss-Yelling-300x225.jpg\" width=\"240\" height=\"180\" srcset=\"http:\/\/www.2link.ca\/newblog\/wp-content\/uploads\/2014\/04\/Boss-Yelling-300x225.jpg 300w, http:\/\/www.2link.ca\/newblog\/wp-content\/uploads\/2014\/04\/Boss-Yelling.jpg 320w\" sizes=\"auto, (max-width: 240px) 100vw, 240px\" \/><\/a><figcaption id=\"caption-attachment-599\" class=\"wp-caption-text\">&#8220;\u0218tiam c\u0103 nu e\u0219ti bun de nimic. \u00ce\u021bi voi da un \u0219ut \u00een&#8230;&#8221;<\/figcaption><\/figure>\n<p>Profesorii, la fel, \u00ee\u0219i rezervau aplauzele pentru 1% dintre elevi, cei cu care f\u0103ceau parad\u0103 la olimpiade. Cu to\u021bii \u021binem minte expresia \u201c10 este pentru Dumnezeu\u201d. Nici dup\u0103 \u0219coal\u0103 lucrurile nu se \u00eendreptau. Nu ar fi avut cum \u2013 atitudinile se propag\u0103 prin timp. La v\u00e2rsta adult\u0103, un proiect de serviciu \u00eemplinit cu succes, rareori ob\u021bine o recunoa\u0219tere din partea \u0219efilor. Un e\u0219ec \u00eens\u0103, chiar \u0219i unul cu cauze obiective, este \u021bipat \u00een toate cele patru col\u021buri ale lumii iar vinova\u021bii \u2013 adev\u0103ra\u021bi sau imaginari \u2013 sunt c\u0103uta\u021bi, expu\u0219i public, \u00eenfiera\u021bi ca s\u0103 se \u00eenve\u021be minte. Iar ei, bine\u00een\u021beles, nu \u00eenva\u021b\u0103 dec\u00e2t s\u0103 renun\u021be la ini\u021biativ\u0103 \u0219i, pe din dos, \u00eenciuda\u021bi, s\u0103 saboteze bunul mers al lucrurilor.<\/p>\n<p>Aceste circumstan\u021be pot conduce, mai ales \u00een cazul firilor sensibile, la ceea ce psihologii numesc \u201c<strong><em>narcisism defensiv<\/em><\/strong>\u201d. Egoul persoanelor suferinde este exagerat de umflat \u0219i nu se sprijin\u0103 pe realiz\u0103ri concrete. Dac\u0103 suntem cinsti\u021bi, recunoa\u0219tem imediat \u0219ablonul \u201c<em>rom\u00e2nului tipic<\/em>\u201d care este cel mai-cel mai, pe care nimeni nu-l \u00eentrece de\u0219i, cu excep\u021bia unor istorioare umflate, nu poate prezenta nici un argument concret.<\/p>\n<p>Este mecanismul de ap\u0103rare al unui ego sub atac. Un prieten de-al meu aducea \u00een conversa\u021bie o observa\u021bie excelent\u0103: \u201c<i>Rom\u00e2nii sunt singurul popor care manifest\u0103, simultan, \u0219i un complex de superioritate \u0219i unul de inferioritate<\/i>\u201d. Pe de o parte sus\u021binem c\u0103 \u201c<i>rom\u00e2nii sunt recunoscu\u021bi oriunde \u00een lume ca harnici \u0219i inventivi<\/i>\u201d, vizion\u0103m filme cu ce-ar fi fost Terra f\u0103r\u0103 noi (sugestie: am fi fost \u00een copaci \u0219i am fi aruncat cu materii fecale unii \u00een al\u021bii&#8230; \u0219i acum n-o facem?!), construim teorii elucubrante care demonstreaz\u0103 (pentru \u201cdacopa\u021bi\u201d \u0219i sus\u021bin\u0103torii lor) c\u0103 \u00eentreaga civiliza\u021bie se trage din geto-daci.<\/p>\n<p>Cu vitez\u0103 uimitoare \u00eens\u0103, uneori imediat dup\u0103 aceast\u0103 afirma\u021bie, ne scufund\u0103m \u00een neagr\u0103 ur\u0103 de sine \u0219i ne \u00eenfier\u0103m \u00een fel \u0219i chip: suntem lene\u0219i, ho\u021bi, corup\u021bi. Unii nu se sfiesc chiar s-o pun\u0103 pe seama geneticii \u2013 c\u0103 ne-am n\u0103scut ca s\u0103 fim astfel. Din fericire, personalitatea narcisist\u0103 explic\u0103 c\u0103 acest aparent paradox s-a dezvoltat prin educa\u021bie.<\/p>\n<p>Ego-ul na\u021bional, de\u0219i mare, este fragil \u00een cazul narcisismului defensiv. Orice comentariu nefavorabil sau nealiniat cu p\u0103rerea noastr\u0103 este imediat privit ca un atac la persoan\u0103. \u0218i rejec\u021bia este un afront personal. Cine a respins avansuri romantice poate vorbi pe larg despre aceast\u0103 atitudine.<\/p>\n<figure id=\"attachment_607\" aria-describedby=\"caption-attachment-607\" style=\"width: 242px\" class=\"wp-caption alignleft\"><a href=\"http:\/\/www.2link.ca\/newblog\/wp-content\/uploads\/2014\/04\/Rom_sarac_Rom_bogat.png\" target=\"_blank\"><img loading=\"lazy\" decoding=\"async\" class=\" wp-image-607 \" alt=\"Rom_sarac_Rom_bogat\" src=\"http:\/\/www.2link.ca\/newblog\/wp-content\/uploads\/2014\/04\/Rom_sarac_Rom_bogat-242x300.png\" width=\"242\" height=\"300\" srcset=\"http:\/\/www.2link.ca\/newblog\/wp-content\/uploads\/2014\/04\/Rom_sarac_Rom_bogat-242x300.png 242w, http:\/\/www.2link.ca\/newblog\/wp-content\/uploads\/2014\/04\/Rom_sarac_Rom_bogat.png 375w\" sizes=\"auto, (max-width: 242px) 100vw, 242px\" \/><\/a><figcaption id=\"caption-attachment-607\" class=\"wp-caption-text\">Obscenitatea situa\u021biei nu-i opre\u0219te pe complexa\u021bi s\u0103-\u0219i etaleze averea.<\/figcaption><\/figure>\n<p>Nevoia de aten\u021bie constant\u0103, admira\u021bie \u0219i laude este un alt simptom. E suficient s\u0103 ne g\u00e2ndim cum to\u021bi \u00ee\u0219i pun \u201cpilele\u201d \u00een func\u021biune \u00een cele mai banale situa\u021bii, pentru a fi convin\u0219i c\u0103 primesc toat\u0103 aten\u021bia cuvenit\u0103. Suntem irita\u021bi c\u00e2nd, \u00een ciuda ciubucului \u0219i pilelor, suntem trata\u021bi ca ori\u0219icare altcineva. Iar pentru a sus\u021bine nevoia noastr\u0103 bolnav\u0103 de aten\u021bie, aminti\u021bi-v\u0103 de c\u00e2te ori a\u021bi fost asalta\u021bi de prieteni sau cunoscu\u021bi cu cele mai triviale metode de cer\u0219it admira\u021bia: pove\u0219ti despre vila sau ma\u0219ina nou\u0103 sau cu din acelea \u00een care se arunc\u0103 numele unor personalit\u0103\u021bi ca s\u0103 fim asocia\u021bi cu acestea.<\/p>\n<p>Narcisi\u0219tii \u00eei invidiaz\u0103 pe to\u021bi \u0219i sunt convin\u0219i c\u0103 to\u021bi \u00eei invidiaz\u0103. Povestea cu \u201ccapra vecinului\u201d cap\u0103t\u0103, din acest unghi, o explica\u021bie u\u0219or de \u00een\u021beles \u0219i de acceptat. C\u00e2t despre partea a doua, cea cu ideea fix\u0103 c\u0103 to\u021bi \u00eel invidiaz\u0103, este argumentat\u0103 de sute de articole \u0219i comentarii rom\u00e2ne\u0219ti care descriu comploturi interna\u021bionale menite s\u0103 fure bog\u0103\u021biile acestei \u021b\u0103ri\u0219oare. Degeaba ar \u00eencerca cineva s\u0103 demonstreze c\u0103 Rom\u00e2nia, la scara economiilor lumii este un pigmeu (\u00eentregul PIB este c\u00e2t venitul anual al Apple), mul\u021bi dintre concet\u0103\u021benii no\u0219tri sunt convin\u0219i c\u0103 magna\u021bii lumii nu dorm noaptea g\u00e2ndindu-se cum s\u0103 pun\u0103 m\u00e2na pe acest col\u021b de rai.<\/p>\n<figure id=\"attachment_605\" aria-describedby=\"caption-attachment-605\" style=\"width: 240px\" class=\"wp-caption alignleft\"><a href=\"https:\/\/www.youtube.com\/watch?v=4NgvQARqNwA\" target=\"_blank\"><img loading=\"lazy\" decoding=\"async\" class=\" wp-image-605   \" alt=\"World without Romania\" src=\"http:\/\/www.2link.ca\/newblog\/wp-content\/uploads\/2014\/04\/world_without_romania-300x199.jpg\" width=\"240\" height=\"159\" srcset=\"http:\/\/www.2link.ca\/newblog\/wp-content\/uploads\/2014\/04\/world_without_romania-300x199.jpg 300w, http:\/\/www.2link.ca\/newblog\/wp-content\/uploads\/2014\/04\/world_without_romania.jpg 640w\" sizes=\"auto, (max-width: 240px) 100vw, 240px\" \/><\/a><figcaption id=\"caption-attachment-605\" class=\"wp-caption-text\">Evacua\u021bi Terra, episodul &#8220;Nu mai exist\u0103 Rom\u00e2nia&#8221;<\/figcaption><\/figure>\n<p>\u0218i la nivelul micro, a\u0219a cum ar face un narcisist \u201cnormal\u201d, orice afront (real sau imaginar) este imediat pus pe seama invidiei sau pe seama faptului c\u0103 individul este ne\u00een\u021beles de ceilal\u021bi \u2013 alt simptom al acestei afec\u021biuni psihice.<\/p>\n<p>Preocuparea cu fantezii legate de succes, atractivitate f\u0103r\u0103 egal, putere \u0219i inteligen\u021b\u0103, este o tr\u0103s\u0103tur\u0103 amplu exemplificat\u0103 de discursul cet\u0103\u021beanului rom\u00e2n. Desigur, pentru un t\u00e2n\u0103r de 15-20 de ani statutul de \u201cvis\u0103tor\u201d descrie mai bine aceste preocup\u0103ri dar c\u00e2nd ele persist\u0103 \u00een v\u00e2rsta adult\u0103 de\u0219i nu exist\u0103 semne pragmatice de \u00eemplinire a acestor fantezii, intr\u0103 \u00een zona patologicului. Cu to\u021bii avem prieteni \u0219i cunoscu\u021bi de v\u00e2rst\u0103 mijlocie care sunt convin\u0219i c\u0103 vor lansa afaceri de miliarde, vor deveni vedete Hollywood sau vor lua, m\u0103car, un premiu Nobel \u2013 cel pentru pace (celelalte fiind prea dificile).<\/p>\n<p>Ne pl\u00e2ngem adesea de lipsa de empatie a concet\u0103\u021benilor, de \u00een\u021belegere a dorin\u021belor \u0219i nevoilor noastre. Evident, asta nu presupune c\u0103 noi, cei ce ne pl\u00e2ngem, suntem mult mai empatici cu al\u021bii. Fiecare gre\u0219eal\u0103 a semenilor este tratat\u0103 cu o asprime lipsit\u0103 de empatie. C\u00e2t despre arogan\u021b\u0103, un alt simptom, ce s\u0103 mai vorbim?! 95% din oamenii care \u00eenconjoar\u0103 rom\u00e2nul tipic sunt, dac\u0103 ar fi s\u0103-i d\u0103m crezare acestuia: pro\u0219ti, imbecili, nesim\u021bi\u021bi, lene\u0219i. Chiar \u0219i simpla diferen\u021b\u0103 de preferin\u021be politice este pus\u0103, arogant, pe seama prostiei sau, cum se spune delicat , pe seama \u201csp\u0103latului pe creier\u201d. Arogan\u021ba nu se manifest\u0103 doar \u00een cuvinte ci transgreseaz\u0103 \u00een zona faptic\u0103. Dovada? Strecuratul \u00een r\u00e2nd sau s\u0103ritul complet peste acesta, cu sentimentul c\u0103 merit\u0103m ceva mai mult dec\u00e2t ceilal\u021bi; gre\u0219elile cotidiene (s\u0103 spunem de trafic) a c\u0103ror men\u021bionare nu este \u00eent\u00e2mpinat\u0103 cu o scuz\u0103 ci cu un atac frontal, plin de tupeu;\u00a0 ca s\u0103 punct\u0103m numai dou\u0103 atitudini des \u00eent\u00e2lnite.<\/p>\n<p>De\u0219i unele simptome se suprapun pe acelea ale unei persoane pline de \u00eencredere de sine, \u00een cazul celor cu personalitate narcisist\u0103, ace\u0219tia au at\u00e2t de mult\u0103 \u00eencredere de sine \u00eenc\u00e2t ajung s\u0103 se cread\u0103 mai buni dec\u00e2t ceilal\u021bi. \u00cen realitate, au o \u00eencredere de sine fragil\u0103. Nu suport\u0103 critica \u0219i, pentru a compensa pentru fragilitatea intern\u0103 ca \u0219i pentru a se auto-valida, au tendin\u021ba de a-i minimaliza \u0219i ridiculiza pe cei din jur. Cu suflet de rom\u00e2n combinat cu o luciditate rece nu pot s\u0103 nu m\u0103rturisesc, \u00een numele nostru, al tuturor, c\u0103 nu suntem deloc buni \u00een a \u00eendura critica. De la primele cuvinte ale unei critici \u2013 chiar \u0219i una decent\u0103, prietenoas\u0103 &#8211; ne cufund\u0103m \u00een defensiv\u0103. De\u0219i aceast\u0103 explica\u021bie nu \u00ee\u0219i are locul aici, trebuie amintit c\u0103 metoda de a ne ap\u0103ra de critic\u0103 \u0219i de senza\u021biile negative care o \u00eenso\u021besc este una surprinz\u0103toare, \u0219i anume de a ne \u00eensu\u0219i critica, m\u0103car de a promite s-o lu\u0103m \u00een considera\u021bie. O persoan\u0103 puternic\u0103 poate accepta c\u0103 a gre\u0219it f\u0103r\u0103 a-\u0219i pierde respectul de sine.<\/p>\n<p>Mi se pare inutil s\u0103 adaug la acest articol lung, demonstra\u021bii suplimentare despre hiperemotivitatea noastr\u0103 na\u021bional\u0103, drama cu care ne hr\u0103nim \u0219i pe care o \u00eente\u021bim cu jocuri duplicitare.\u00a0 Sau despre alte tr\u0103s\u0103turi narcisiste cum ar fi cea de a-i folosi pe cei din jur \u0219i incapacitatea noastr\u0103 pentru ceea ce psihologii numesc \u201crela\u021bii s\u0103n\u0103toase\u201d.<\/p>\n<figure id=\"attachment_602\" aria-describedby=\"caption-attachment-602\" style=\"width: 300px\" class=\"wp-caption alignright\"><a href=\"http:\/\/www.2link.ca\/newblog\/wp-content\/uploads\/2014\/04\/drama_romania.jpg\" target=\"_blank\"><img loading=\"lazy\" decoding=\"async\" class=\" wp-image-602  \" alt=\"Drama Romania\" src=\"http:\/\/www.2link.ca\/newblog\/wp-content\/uploads\/2014\/04\/drama_romania-300x207.jpg\" width=\"300\" height=\"207\" srcset=\"http:\/\/www.2link.ca\/newblog\/wp-content\/uploads\/2014\/04\/drama_romania-300x207.jpg 300w, http:\/\/www.2link.ca\/newblog\/wp-content\/uploads\/2014\/04\/drama_romania.jpg 800w\" sizes=\"auto, (max-width: 300px) 100vw, 300px\" \/><\/a><figcaption id=\"caption-attachment-602\" class=\"wp-caption-text\">Tot devine, \u00een Rom\u00e2nia, o problema de viata sau de moarte.<\/figcaption><\/figure>\n<p>Ce mi se pare greu de \u00een\u021beles este c\u0103 noi, cei for\u021ba\u021bi de criticismul extrem, s\u0103 ne ap\u0103r\u0103m ego-ul, ne l\u0103s\u0103m \u00een prezent influen\u021ba\u021bi de \u00een\u021belegerea gre\u0219it\u0103 a unor teorii vestice \u0219i, astfel, consolid\u0103m urm\u0103toarea genera\u021bie de narcisi\u0219ti. Desigur, o facem prin metoda invers\u0103 celei aplicate asupra noastr\u0103 \u2013 prin laude excesive, nesus\u021binute de performan\u021bele copiilor no\u0219tri, prin o indulgen\u021b\u0103 care adeseori frizeaz\u0103 absurdul (copilul pic\u0103 bacul \u0219i este \u201cpedepsit\u201d cu o vacan\u021b\u0103 \u00een Turcia \u0219i\/sau o ma\u0219in\u0103 nou\u0103), prin inducerea \u00een ei a sentimentului c\u0103 nu trebuie s\u0103 dea nimic pentru a primi totul. \u0218i, ca \u0219i p\u0103rin\u021bii no\u0219tri, nu suntem extrem de consecven\u021bi \u00een aplicarea corect\u0103 a pedepselor \u0219i recompenselor.<\/p>\n<p>Bine, suntem narcisi\u0219ti! \u0218i ce-i cu asta? N-am spus-o ca s\u0103 provoc resentimente. Revin la punctul meu de vedere \u2013 suntem oameni, nici mai buni \u0219i nici mai r\u0103i dec\u00e2t americanii sau francezii sau cine \u0219tie ce na\u021bie. O spun numai pentru abia c\u00e2nd ne \u00een\u021belegem \u0219i \u2013 important \u0219i rar \u2013 ne accept\u0103m defectele, abia atunci putem p\u0103\u0219i pe drumul \u00eendrept\u0103rii.<\/p>\n<p>Dac\u0103 prezent\u0103m, ca na\u021biune, tendin\u021be narcisiste, oare nu putem s\u0103 le \u021binem \u00een \u0219ah, s\u0103 le control\u0103m?! S\u0103 nu mai s\u0103rim de 10 co\u021bi c\u00e2nd Daily Mirror ne vorbe\u0219te de r\u0103u?! Sunt convins c\u0103 dac\u0103 toat\u0103 mass-media rom\u00e2neasc\u0103 ar critica poporul britanic timp de o s\u0103pt\u0103m\u00e2n\u0103, abia dac\u0103 am smulge de la ei o men\u021biune de un paragraf, \u0219i acela plasat pe pagina 10. Dec\u00e2t s\u0103 ne jelim, mi se pare mai important s\u0103 ne consolid\u0103m ego-ul \u0219i s\u0103 ne concentr\u0103m pe ceea ce trebuie f\u0103cut ca s\u0103 ne \u00eembun\u0103t\u0103\u021bim. Sper c\u0103 va veni \u0219i timpul c\u00e2nd ne vom accepta pe noi \u00een\u0219ine \u0219i cu bune \u0219i cu rele, individ cu individ. Abia atunci, cred eu, vom deveni o na\u021biune matur\u0103.<\/p>\n<p>[subscribe2]<\/p>\n","protected":false},"excerpt":{"rendered":"<p>Eu g\u00e2ndesc \u00een tipare. Mintea mea \u00eencearc\u0103 s\u0103 cunoasc\u0103 lumea folosind statistici, probabilit\u0103\u021bi, \u0219abloane. Este la mod\u0103 s\u0103 g\u00e2nde\u0219ti original, \u201c\u00een afara cutiei\u201d, a\u0219a c\u0103 mai nimeni nu vreau s\u0103 admit\u0103 c\u0103 acest mod de func\u021bionare a min\u021bii e un lucru comun. Nu o spun eu ci oamenii de \u0219tiin\u021b\u0103. Recunoa\u0219terea unor tipare ne-a ajutat<span class=\"excerpt-ellipsis\">&#8230;<\/span><\/p>\n<p><a class=\"more-link\" href=\"http:\/\/www.2link.ca\/newblog\/2014\/04\/06\/narcis-de-romania\/\" itemprop=\"url\">Continue Reading<\/a><\/p>\n","protected":false},"author":2,"featured_media":0,"comment_status":"open","ping_status":"open","sticky":false,"template":"","format":"standard","meta":{"footnotes":""},"categories":[3],"tags":[87,207,262],"class_list":["post-597","post","type-post","status-publish","format-standard","hentry","category-commentary","tag-daily-mirror","tag-narcisism","tag-romania"],"_links":{"self":[{"href":"http:\/\/www.2link.ca\/newblog\/wp-json\/wp\/v2\/posts\/597","targetHints":{"allow":["GET"]}}],"collection":[{"href":"http:\/\/www.2link.ca\/newblog\/wp-json\/wp\/v2\/posts"}],"about":[{"href":"http:\/\/www.2link.ca\/newblog\/wp-json\/wp\/v2\/types\/post"}],"author":[{"embeddable":true,"href":"http:\/\/www.2link.ca\/newblog\/wp-json\/wp\/v2\/users\/2"}],"replies":[{"embeddable":true,"href":"http:\/\/www.2link.ca\/newblog\/wp-json\/wp\/v2\/comments?post=597"}],"version-history":[{"count":5,"href":"http:\/\/www.2link.ca\/newblog\/wp-json\/wp\/v2\/posts\/597\/revisions"}],"predecessor-version":[{"id":611,"href":"http:\/\/www.2link.ca\/newblog\/wp-json\/wp\/v2\/posts\/597\/revisions\/611"}],"wp:attachment":[{"href":"http:\/\/www.2link.ca\/newblog\/wp-json\/wp\/v2\/media?parent=597"}],"wp:term":[{"taxonomy":"category","embeddable":true,"href":"http:\/\/www.2link.ca\/newblog\/wp-json\/wp\/v2\/categories?post=597"},{"taxonomy":"post_tag","embeddable":true,"href":"http:\/\/www.2link.ca\/newblog\/wp-json\/wp\/v2\/tags?post=597"}],"curies":[{"name":"wp","href":"https:\/\/api.w.org\/{rel}","templated":true}]}}